{"id":2147,"date":"2024-01-20T12:35:44","date_gmt":"2024-01-20T12:35:44","guid":{"rendered":"https:\/\/www.coolepark.ie\/?p=2147"},"modified":"2024-01-21T11:15:00","modified_gmt":"2024-01-21T11:15:00","slug":"weather-advisory-warning-orange-wind","status":"publish","type":"post","link":"https:\/\/www.coolepark.ie\/ga\/weather-advisory-warning-orange-wind\/","title":{"rendered":"Weather Advisory Warning &#8211; Orange Wind"},"content":{"rendered":"<div class=\"xdj266r x11i5rnm xat24cr x1mh8g0r x1vvkbs x126k92a\">\n<div dir=\"auto\">UPDATE SUN 21st JAN: THE PARK WILL NOW BE CLOSING AT 14:00 due to the elevation to STATUS RED WIND WARNING.<\/div>\n<\/div>\n<div dir=\"auto\">&#8212;&#8212;&#8212;&#8212;&#8212;&#8212;&#8212;&#8212;&#8212;&#8212;&#8212;&#8212;&#8212;&#8212;&#8212;&#8212;&#8212;&#8212;&#8212;&#8212;&#8212;&#8212;&#8212;&#8212;&#8212;&#8212;&#8212;&#8212;&#8212;&#8212;&#8212;&#8212;&#8212;&#8212;&#8212;&#8212;&#8212;&#8212;&#8212;&#8212;&#8212;&#8212;&#8212;&#8212;&#8212;&#8212;&#8212;&#8212;&#8212;&#8212;&#8212;&#8212;&#8212;&#8212;&#8212;&#8212;&#8212;&#8212;&#8212;&#8212;&#8212;&#8211;<\/div>\n<div class=\"xdj266r x11i5rnm xat24cr x1mh8g0r x1vvkbs x126k92a\">\n<div dir=\"auto\"><\/div>\n<div dir=\"auto\">Please be advised that Met Eireann have issued an ORANGE WIND Warning commencing 17:00 on Sunday 21st Jan. To ensure the safety of all visitors, we will be closing the park at 16:30.<\/div>\n<\/div>\n<div class=\"x11i5rnm xat24cr x1mh8g0r x1vvkbs xtlvy1s x126k92a\">\n<div dir=\"auto\">This is subject to change. You can monitor <a class=\"x1i10hfl xjbqb8w x6umtig x1b1mbwd xaqea5y xav7gou x9f619 x1ypdohk xt0psk2 xe8uvvx xdj266r x11i5rnm xat24cr x1mh8g0r xexx8yu x4uap5 x18d9i69 xkhd6sd x16tdsg8 x1hl2dhg xggy1nq x1a2a7pz xt0b8zv x1fey0fg\" tabindex=\"0\" role=\"link\" href=\"https:\/\/l.facebook.com\/l.php?u=http%3A%2F%2Fwww.met.ie%2F%3Ffbclid%3DIwAR2SQkL_DGs8CwRnErz3bo0FVDZZ7Qjqvsj2Ue8cCB1V6xNwZVDHEIS2GYw&amp;h=AT1WqMfT9jRoXBmWXIivXkV_cgUtVvuPNEW-nHFPldJjBf-p8WV0VcPQ4lkaVdIcua-PYXqhgNP1U--AEPX--bgMvWUra96cyXJw_GwPTkGdyaGQviYCbWX_4YfZhGGkXKip&amp;__tn__=-UK-R&amp;c[0]=AT1Pmjb7ZJTyuNjzLfpvTyA1aNguI05uAo_98ZvGOUA2phVLIHqsvZKyNIZn_rZrXYmxuKnmp6OgNvwyLqmbxaxVdd6vNcJ4Mg347vxxAwu0b6Fuw7IP8jHSQG-pWKVtV4rC12PIhfSg05yqqI1Neg2Q7ccrug\" target=\"_blank\" rel=\"nofollow noopener noreferrer\">www.met.ie<\/a> for any changes to the timing of this event. We will update our notices accordingly.<\/div>\n<\/div>\n","protected":false},"excerpt":{"rendered":"<p>UPDATE SUN 21st JAN: THE PARK WILL NOW BE CLOSING AT 14:00 due to the elevation to STATUS RED WIND WARNING. &#8212;&#8212;&#8212;&#8212;&#8212;&#8212;&#8212;&#8212;&#8212;&#8212;&#8212;&#8212;&#8212;&#8212;&#8212;&#8212;&#8212;&#8212;&#8212;&#8212;&#8212;&#8212;&#8212;&#8212;&#8212;&#8212;&#8212;&#8212;&#8212;&#8212;&#8212;&#8212;&#8212;&#8212;&#8212;&#8212;&#8212;&#8212;&#8212;&#8212;&#8212;&#8212;&#8212;&#8212;&#8212;&#8212;&#8212;&#8212;&#8212;&#8212;&#8212;&#8212;&#8212;&#8212;&#8212;&#8212;&#8212;&#8212;&#8212;&#8212;&#8212;&#8211; Please be advised that Met Eireann have issued an ORANGE WIND Warning commencing 17:00 on Sunday 21st Jan. To ensure the safety of all visitors, we will be closing the park at 16:30.&hellip; <a class=\"continue\" href=\"https:\/\/www.coolepark.ie\/ga\/weather-advisory-warning-orange-wind\/\">Read More<span> Weather Advisory Warning &#8211; Orange Wind<\/span><\/a><\/p>\n","protected":false},"author":3,"featured_media":2148,"comment_status":"closed","ping_status":"closed","sticky":false,"template":"","format":"standard","meta":{"footnotes":""},"categories":[3],"tags":[],"class_list":["post-2147","post","type-post","status-publish","format-standard","has-post-thumbnail","hentry","category-cateorgy-latest-news"],"yoast_head":"<!-- This site is optimized with the Yoast SEO plugin v27.4 - https:\/\/yoast.com\/product\/yoast-seo-wordpress\/ -->\n<title>Weather Advisory Warning - Orange Wind - Anaclann D\u00falra Ph\u00e1irc na C\u00faile<\/title>\n<meta name=\"robots\" content=\"index, follow, max-snippet:-1, max-image-preview:large, max-video-preview:-1\" \/>\n<link rel=\"canonical\" href=\"https:\/\/www.coolepark.ie\/ga\/weather-advisory-warning-orange-wind\/\" \/>\n<meta property=\"og:locale\" content=\"ga_IE\" \/>\n<meta property=\"og:type\" content=\"article\" \/>\n<meta property=\"og:title\" content=\"Weather Advisory Warning - Orange Wind - Anaclann D\u00falra Ph\u00e1irc na C\u00faile\" \/>\n<meta property=\"og:description\" content=\"UPDATE SUN 21st JAN: THE PARK WILL NOW BE CLOSING AT 14:00 due to the elevation to STATUS RED WIND WARNING. &#8212;&#8212;&#8212;&#8212;&#8212;&#8212;&#8212;&#8212;&#8212;&#8212;&#8212;&#8212;&#8212;&#8212;&#8212;&#8212;&#8212;&#8212;&#8212;&#8212;&#8212;&#8212;&#8212;&#8212;&#8212;&#8212;&#8212;&#8212;&#8212;&#8212;&#8212;&#8212;&#8212;&#8212;&#8212;&#8212;&#8212;&#8212;&#8212;&#8212;&#8212;&#8212;&#8212;&#8212;&#8212;&#8212;&#8212;&#8212;&#8212;&#8212;&#8212;&#8212;&#8212;&#8212;&#8212;&#8212;&#8212;&#8212;&#8212;&#8212;&#8212;&#8211; Please be advised that Met Eireann have issued an ORANGE WIND Warning commencing 17:00 on Sunday 21st Jan. To ensure the safety of all visitors, we will be closing the park at 16:30.&hellip; Read More Weather Advisory Warning &#8211; Orange Wind\" \/>\n<meta property=\"og:url\" content=\"https:\/\/www.coolepark.ie\/ga\/weather-advisory-warning-orange-wind\/\" \/>\n<meta property=\"og:site_name\" content=\"Anaclann D\u00falra Ph\u00e1irc na C\u00faile\" \/>\n<meta property=\"article:publisher\" content=\"https:\/\/www.facebook.com\/coolegarrylandnaturereserve\" \/>\n<meta property=\"article:published_time\" content=\"2024-01-20T12:35:44+00:00\" \/>\n<meta property=\"article:modified_time\" content=\"2024-01-21T11:15:00+00:00\" \/>\n<meta property=\"og:image\" content=\"https:\/\/www.coolepark.ie\/wp-content\/uploads\/2024\/01\/417459442_764111765745130_2688596060022032254_n.jpg\" \/>\n\t<meta property=\"og:image:width\" content=\"315\" \/>\n\t<meta property=\"og:image:height\" content=\"315\" \/>\n\t<meta property=\"og:image:type\" content=\"image\/jpeg\" \/>\n<meta name=\"author\" content=\"Niall O&#039;Reilly\" \/>\n<meta name=\"twitter:card\" content=\"summary_large_image\" \/>\n<meta name=\"twitter:creator\" content=\"@DeptHousingIRL\" \/>\n<meta name=\"twitter:site\" content=\"@DeptHousingIRL\" \/>\n<meta name=\"twitter:label1\" content=\"Written by\" \/>\n\t<meta name=\"twitter:data1\" content=\"Niall O&#039;Reilly\" \/>\n\t<meta name=\"twitter:label2\" content=\"Est. reading time\" \/>\n\t<meta name=\"twitter:data2\" content=\"1 minute\" \/>\n<script type=\"application\/ld+json\" class=\"yoast-schema-graph\">{\"@context\":\"https:\\\/\\\/schema.org\",\"@graph\":[{\"@type\":\"Article\",\"@id\":\"https:\\\/\\\/www.coolepark.ie\\\/ga\\\/weather-advisory-warning-orange-wind\\\/#article\",\"isPartOf\":{\"@id\":\"https:\\\/\\\/www.coolepark.ie\\\/ga\\\/weather-advisory-warning-orange-wind\\\/\"},\"author\":{\"name\":\"Niall O'Reilly\",\"@id\":\"https:\\\/\\\/www.coolepark.ie\\\/ga\\\/#\\\/schema\\\/person\\\/29efcba775b07012c8a2280886a43d5a\"},\"headline\":\"Weather Advisory Warning &#8211; Orange Wind\",\"datePublished\":\"2024-01-20T12:35:44+00:00\",\"dateModified\":\"2024-01-21T11:15:00+00:00\",\"mainEntityOfPage\":{\"@id\":\"https:\\\/\\\/www.coolepark.ie\\\/ga\\\/weather-advisory-warning-orange-wind\\\/\"},\"wordCount\":84,\"image\":{\"@id\":\"https:\\\/\\\/www.coolepark.ie\\\/ga\\\/weather-advisory-warning-orange-wind\\\/#primaryimage\"},\"thumbnailUrl\":\"https:\\\/\\\/www.coolepark.ie\\\/wp-content\\\/uploads\\\/2024\\\/01\\\/417459442_764111765745130_2688596060022032254_n.jpg\",\"articleSection\":[\"Latest News &amp; Events\"],\"inLanguage\":\"ga-IE\"},{\"@type\":\"WebPage\",\"@id\":\"https:\\\/\\\/www.coolepark.ie\\\/ga\\\/weather-advisory-warning-orange-wind\\\/\",\"url\":\"https:\\\/\\\/www.coolepark.ie\\\/ga\\\/weather-advisory-warning-orange-wind\\\/\",\"name\":\"Weather Advisory Warning - Orange Wind - Anaclann D\u00falra Ph\u00e1irc na C\u00faile\",\"isPartOf\":{\"@id\":\"https:\\\/\\\/www.coolepark.ie\\\/ga\\\/#website\"},\"primaryImageOfPage\":{\"@id\":\"https:\\\/\\\/www.coolepark.ie\\\/ga\\\/weather-advisory-warning-orange-wind\\\/#primaryimage\"},\"image\":{\"@id\":\"https:\\\/\\\/www.coolepark.ie\\\/ga\\\/weather-advisory-warning-orange-wind\\\/#primaryimage\"},\"thumbnailUrl\":\"https:\\\/\\\/www.coolepark.ie\\\/wp-content\\\/uploads\\\/2024\\\/01\\\/417459442_764111765745130_2688596060022032254_n.jpg\",\"datePublished\":\"2024-01-20T12:35:44+00:00\",\"dateModified\":\"2024-01-21T11:15:00+00:00\",\"author\":{\"@id\":\"https:\\\/\\\/www.coolepark.ie\\\/ga\\\/#\\\/schema\\\/person\\\/29efcba775b07012c8a2280886a43d5a\"},\"breadcrumb\":{\"@id\":\"https:\\\/\\\/www.coolepark.ie\\\/ga\\\/weather-advisory-warning-orange-wind\\\/#breadcrumb\"},\"inLanguage\":\"ga-IE\",\"potentialAction\":[{\"@type\":\"ReadAction\",\"target\":[\"https:\\\/\\\/www.coolepark.ie\\\/ga\\\/weather-advisory-warning-orange-wind\\\/\"]}]},{\"@type\":\"ImageObject\",\"inLanguage\":\"ga-IE\",\"@id\":\"https:\\\/\\\/www.coolepark.ie\\\/ga\\\/weather-advisory-warning-orange-wind\\\/#primaryimage\",\"url\":\"https:\\\/\\\/www.coolepark.ie\\\/wp-content\\\/uploads\\\/2024\\\/01\\\/417459442_764111765745130_2688596060022032254_n.jpg\",\"contentUrl\":\"https:\\\/\\\/www.coolepark.ie\\\/wp-content\\\/uploads\\\/2024\\\/01\\\/417459442_764111765745130_2688596060022032254_n.jpg\",\"width\":315,\"height\":315,\"caption\":\"Park Notice: Orange Wind Warning\"},{\"@type\":\"BreadcrumbList\",\"@id\":\"https:\\\/\\\/www.coolepark.ie\\\/ga\\\/weather-advisory-warning-orange-wind\\\/#breadcrumb\",\"itemListElement\":[{\"@type\":\"ListItem\",\"position\":1,\"name\":\"Home\",\"item\":\"https:\\\/\\\/www.coolepark.ie\\\/ga\\\/\"},{\"@type\":\"ListItem\",\"position\":2,\"name\":\"Weather Advisory Warning &#8211; Orange Wind\"}]},{\"@type\":\"WebSite\",\"@id\":\"https:\\\/\\\/www.coolepark.ie\\\/ga\\\/#website\",\"url\":\"https:\\\/\\\/www.coolepark.ie\\\/ga\\\/\",\"name\":\"Anaclann D\u00falra Ph\u00e1irc na C\u00faile\",\"description\":\"\",\"potentialAction\":[{\"@type\":\"SearchAction\",\"target\":{\"@type\":\"EntryPoint\",\"urlTemplate\":\"https:\\\/\\\/www.coolepark.ie\\\/ga\\\/?s={search_term_string}\"},\"query-input\":{\"@type\":\"PropertyValueSpecification\",\"valueRequired\":true,\"valueName\":\"search_term_string\"}}],\"inLanguage\":\"ga-IE\"},{\"@type\":\"Person\",\"@id\":\"https:\\\/\\\/www.coolepark.ie\\\/ga\\\/#\\\/schema\\\/person\\\/29efcba775b07012c8a2280886a43d5a\",\"name\":\"Niall O'Reilly\",\"image\":{\"@type\":\"ImageObject\",\"inLanguage\":\"ga-IE\",\"@id\":\"https:\\\/\\\/secure.gravatar.com\\\/avatar\\\/1274b593cc5a314822335bbac90554390a13871c54ac76a26c3be3345811ea35?s=96&d=mm&r=g\",\"url\":\"https:\\\/\\\/secure.gravatar.com\\\/avatar\\\/1274b593cc5a314822335bbac90554390a13871c54ac76a26c3be3345811ea35?s=96&d=mm&r=g\",\"contentUrl\":\"https:\\\/\\\/secure.gravatar.com\\\/avatar\\\/1274b593cc5a314822335bbac90554390a13871c54ac76a26c3be3345811ea35?s=96&d=mm&r=g\",\"caption\":\"Niall O'Reilly\"},\"sameAs\":[\"https:\\\/\\\/www.coolepark.ie\"],\"url\":\"https:\\\/\\\/www.coolepark.ie\\\/ga\\\/author\\\/oreillyn\\\/\"}]}<\/script>\n<!-- \/ Yoast SEO plugin. -->","yoast_head_json":{"title":"Weather Advisory Warning - Orange Wind - Anaclann D\u00falra Ph\u00e1irc na C\u00faile","robots":{"index":"index","follow":"follow","max-snippet":"max-snippet:-1","max-image-preview":"max-image-preview:large","max-video-preview":"max-video-preview:-1"},"canonical":"https:\/\/www.coolepark.ie\/ga\/weather-advisory-warning-orange-wind\/","og_locale":"ga_IE","og_type":"article","og_title":"Weather Advisory Warning - Orange Wind - Anaclann D\u00falra Ph\u00e1irc na C\u00faile","og_description":"UPDATE SUN 21st JAN: THE PARK WILL NOW BE CLOSING AT 14:00 due to the elevation to STATUS RED WIND WARNING. &#8212;&#8212;&#8212;&#8212;&#8212;&#8212;&#8212;&#8212;&#8212;&#8212;&#8212;&#8212;&#8212;&#8212;&#8212;&#8212;&#8212;&#8212;&#8212;&#8212;&#8212;&#8212;&#8212;&#8212;&#8212;&#8212;&#8212;&#8212;&#8212;&#8212;&#8212;&#8212;&#8212;&#8212;&#8212;&#8212;&#8212;&#8212;&#8212;&#8212;&#8212;&#8212;&#8212;&#8212;&#8212;&#8212;&#8212;&#8212;&#8212;&#8212;&#8212;&#8212;&#8212;&#8212;&#8212;&#8212;&#8212;&#8212;&#8212;&#8212;&#8212;&#8211; Please be advised that Met Eireann have issued an ORANGE WIND Warning commencing 17:00 on Sunday 21st Jan. To ensure the safety of all visitors, we will be closing the park at 16:30.&hellip; Read More Weather Advisory Warning &#8211; Orange Wind","og_url":"https:\/\/www.coolepark.ie\/ga\/weather-advisory-warning-orange-wind\/","og_site_name":"Anaclann D\u00falra Ph\u00e1irc na C\u00faile","article_publisher":"https:\/\/www.facebook.com\/coolegarrylandnaturereserve","article_published_time":"2024-01-20T12:35:44+00:00","article_modified_time":"2024-01-21T11:15:00+00:00","og_image":[{"width":315,"height":315,"url":"https:\/\/www.coolepark.ie\/wp-content\/uploads\/2024\/01\/417459442_764111765745130_2688596060022032254_n.jpg","type":"image\/jpeg"}],"author":"Niall O'Reilly","twitter_card":"summary_large_image","twitter_creator":"@DeptHousingIRL","twitter_site":"@DeptHousingIRL","twitter_misc":{"Written by":"Niall O'Reilly","Est. reading time":"1 minute"},"schema":{"@context":"https:\/\/schema.org","@graph":[{"@type":"Article","@id":"https:\/\/www.coolepark.ie\/ga\/weather-advisory-warning-orange-wind\/#article","isPartOf":{"@id":"https:\/\/www.coolepark.ie\/ga\/weather-advisory-warning-orange-wind\/"},"author":{"name":"Niall O'Reilly","@id":"https:\/\/www.coolepark.ie\/ga\/#\/schema\/person\/29efcba775b07012c8a2280886a43d5a"},"headline":"Weather Advisory Warning &#8211; Orange Wind","datePublished":"2024-01-20T12:35:44+00:00","dateModified":"2024-01-21T11:15:00+00:00","mainEntityOfPage":{"@id":"https:\/\/www.coolepark.ie\/ga\/weather-advisory-warning-orange-wind\/"},"wordCount":84,"image":{"@id":"https:\/\/www.coolepark.ie\/ga\/weather-advisory-warning-orange-wind\/#primaryimage"},"thumbnailUrl":"https:\/\/www.coolepark.ie\/wp-content\/uploads\/2024\/01\/417459442_764111765745130_2688596060022032254_n.jpg","articleSection":["Latest News &amp; Events"],"inLanguage":"ga-IE"},{"@type":"WebPage","@id":"https:\/\/www.coolepark.ie\/ga\/weather-advisory-warning-orange-wind\/","url":"https:\/\/www.coolepark.ie\/ga\/weather-advisory-warning-orange-wind\/","name":"Weather Advisory Warning - Orange Wind - Anaclann D\u00falra Ph\u00e1irc na C\u00faile","isPartOf":{"@id":"https:\/\/www.coolepark.ie\/ga\/#website"},"primaryImageOfPage":{"@id":"https:\/\/www.coolepark.ie\/ga\/weather-advisory-warning-orange-wind\/#primaryimage"},"image":{"@id":"https:\/\/www.coolepark.ie\/ga\/weather-advisory-warning-orange-wind\/#primaryimage"},"thumbnailUrl":"https:\/\/www.coolepark.ie\/wp-content\/uploads\/2024\/01\/417459442_764111765745130_2688596060022032254_n.jpg","datePublished":"2024-01-20T12:35:44+00:00","dateModified":"2024-01-21T11:15:00+00:00","author":{"@id":"https:\/\/www.coolepark.ie\/ga\/#\/schema\/person\/29efcba775b07012c8a2280886a43d5a"},"breadcrumb":{"@id":"https:\/\/www.coolepark.ie\/ga\/weather-advisory-warning-orange-wind\/#breadcrumb"},"inLanguage":"ga-IE","potentialAction":[{"@type":"ReadAction","target":["https:\/\/www.coolepark.ie\/ga\/weather-advisory-warning-orange-wind\/"]}]},{"@type":"ImageObject","inLanguage":"ga-IE","@id":"https:\/\/www.coolepark.ie\/ga\/weather-advisory-warning-orange-wind\/#primaryimage","url":"https:\/\/www.coolepark.ie\/wp-content\/uploads\/2024\/01\/417459442_764111765745130_2688596060022032254_n.jpg","contentUrl":"https:\/\/www.coolepark.ie\/wp-content\/uploads\/2024\/01\/417459442_764111765745130_2688596060022032254_n.jpg","width":315,"height":315,"caption":"Park Notice: Orange Wind Warning"},{"@type":"BreadcrumbList","@id":"https:\/\/www.coolepark.ie\/ga\/weather-advisory-warning-orange-wind\/#breadcrumb","itemListElement":[{"@type":"ListItem","position":1,"name":"Home","item":"https:\/\/www.coolepark.ie\/ga\/"},{"@type":"ListItem","position":2,"name":"Weather Advisory Warning &#8211; Orange Wind"}]},{"@type":"WebSite","@id":"https:\/\/www.coolepark.ie\/ga\/#website","url":"https:\/\/www.coolepark.ie\/ga\/","name":"Anaclann D\u00falra Ph\u00e1irc na C\u00faile","description":"","potentialAction":[{"@type":"SearchAction","target":{"@type":"EntryPoint","urlTemplate":"https:\/\/www.coolepark.ie\/ga\/?s={search_term_string}"},"query-input":{"@type":"PropertyValueSpecification","valueRequired":true,"valueName":"search_term_string"}}],"inLanguage":"ga-IE"},{"@type":"Person","@id":"https:\/\/www.coolepark.ie\/ga\/#\/schema\/person\/29efcba775b07012c8a2280886a43d5a","name":"Niall O'Reilly","image":{"@type":"ImageObject","inLanguage":"ga-IE","@id":"https:\/\/secure.gravatar.com\/avatar\/1274b593cc5a314822335bbac90554390a13871c54ac76a26c3be3345811ea35?s=96&d=mm&r=g","url":"https:\/\/secure.gravatar.com\/avatar\/1274b593cc5a314822335bbac90554390a13871c54ac76a26c3be3345811ea35?s=96&d=mm&r=g","contentUrl":"https:\/\/secure.gravatar.com\/avatar\/1274b593cc5a314822335bbac90554390a13871c54ac76a26c3be3345811ea35?s=96&d=mm&r=g","caption":"Niall O'Reilly"},"sameAs":["https:\/\/www.coolepark.ie"],"url":"https:\/\/www.coolepark.ie\/ga\/author\/oreillyn\/"}]}},"jetpack_featured_media_url":"https:\/\/www.coolepark.ie\/wp-content\/uploads\/2024\/01\/417459442_764111765745130_2688596060022032254_n.jpg","_links":{"self":[{"href":"https:\/\/www.coolepark.ie\/ga\/wp-json\/wp\/v2\/posts\/2147","targetHints":{"allow":["GET"]}}],"collection":[{"href":"https:\/\/www.coolepark.ie\/ga\/wp-json\/wp\/v2\/posts"}],"about":[{"href":"https:\/\/www.coolepark.ie\/ga\/wp-json\/wp\/v2\/types\/post"}],"author":[{"embeddable":true,"href":"https:\/\/www.coolepark.ie\/ga\/wp-json\/wp\/v2\/users\/3"}],"replies":[{"embeddable":true,"href":"https:\/\/www.coolepark.ie\/ga\/wp-json\/wp\/v2\/comments?post=2147"}],"version-history":[{"count":2,"href":"https:\/\/www.coolepark.ie\/ga\/wp-json\/wp\/v2\/posts\/2147\/revisions"}],"predecessor-version":[{"id":2155,"href":"https:\/\/www.coolepark.ie\/ga\/wp-json\/wp\/v2\/posts\/2147\/revisions\/2155"}],"wp:featuredmedia":[{"embeddable":true,"href":"https:\/\/www.coolepark.ie\/ga\/wp-json\/wp\/v2\/media\/2148"}],"wp:attachment":[{"href":"https:\/\/www.coolepark.ie\/ga\/wp-json\/wp\/v2\/media?parent=2147"}],"wp:term":[{"taxonomy":"category","embeddable":true,"href":"https:\/\/www.coolepark.ie\/ga\/wp-json\/wp\/v2\/categories?post=2147"},{"taxonomy":"post_tag","embeddable":true,"href":"https:\/\/www.coolepark.ie\/ga\/wp-json\/wp\/v2\/tags?post=2147"}],"curies":[{"name":"wp","href":"https:\/\/api.w.org\/{rel}","templated":true}]}}