{"id":2192,"date":"2024-02-12T16:56:57","date_gmt":"2024-02-12T16:56:57","guid":{"rendered":"https:\/\/www.coolepark.ie\/?p=2192"},"modified":"2024-02-12T16:56:57","modified_gmt":"2024-02-12T16:56:57","slug":"mad-about-moths","status":"publish","type":"post","link":"https:\/\/www.coolepark.ie\/ga\/mad-about-moths\/","title":{"rendered":"Mad about Moths!"},"content":{"rendered":"<div class=\"\" data-block=\"true\" data-editor=\"aqvbf\" data-offset-key=\"a7318-0-0\">\n<div class=\"_1mf _1mj\" data-offset-key=\"a7318-0-0\"><span data-offset-key=\"a7318-0-0\">Did you know that we have approximately 1500 species of moth in Ireland? And that some fly by day? And some have no wings at all! If you&#8217;d like to learn more about our beautiful array of nocturnal pollinators and how we monitor them in Coole Nature Reserve, pop in to see our display in the Visitor Centre on: <\/span><\/div>\n<\/div>\n<div class=\"\" data-block=\"true\" data-editor=\"aqvbf\" data-offset-key=\"63fpv-0-0\">\n<div class=\"_1mf _1mj\" data-offset-key=\"63fpv-0-0\"><span data-offset-key=\"63fpv-0-0\">FRIDAY 16th FEBRUARY. <\/span><\/div>\n<\/div>\n<div class=\"\" data-block=\"true\" data-editor=\"aqvbf\" data-offset-key=\"df2q0-0-0\">\n<div class=\"_1mf _1mj\" data-offset-key=\"df2q0-0-0\"><span data-offset-key=\"df2q0-0-0\">Entry is free. <\/span><\/div>\n<\/div>\n<div class=\"\" data-block=\"true\" data-editor=\"aqvbf\" data-offset-key=\"46bm1-0-0\">\n<div class=\"_1mf _1mj\" data-offset-key=\"46bm1-0-0\"><span data-offset-key=\"46bm1-0-0\">We are open from 10am &#8211; 5pm (closed 1-2pm). <\/span><\/div>\n<\/div>\n<div class=\"\" data-block=\"true\" data-editor=\"aqvbf\" data-offset-key=\"flvt0-0-0\">\n<div class=\"_1mf _1mj\" data-offset-key=\"flvt0-0-0\"><span data-offset-key=\"flvt0-0-0\">All welcome.<\/span><\/div>\n<\/div>\n","protected":false},"excerpt":{"rendered":"<p>Did you know that we have approximately 1500 species of moth in Ireland? And that some fly by day? And some have no wings at all! If you&#8217;d like to learn more about our beautiful array of nocturnal pollinators and how we monitor them in Coole Nature Reserve, pop in to see our display in&hellip; <a class=\"continue\" href=\"https:\/\/www.coolepark.ie\/ga\/mad-about-moths\/\">Read More<span> Mad about Moths!<\/span><\/a><\/p>\n","protected":false},"author":3,"featured_media":2188,"comment_status":"closed","ping_status":"closed","sticky":false,"template":"","format":"standard","meta":{"footnotes":""},"categories":[4,3],"tags":[],"class_list":["post-2192","post","type-post","status-publish","format-standard","has-post-thumbnail","hentry","category-category-latest-events","category-cateorgy-latest-news"],"yoast_head":"<!-- This site is optimized with the Yoast SEO plugin v27.5 - https:\/\/yoast.com\/product\/yoast-seo-wordpress\/ -->\n<title>Mad about Moths! - Anaclann D\u00falra Ph\u00e1irc na C\u00faile<\/title>\n<meta name=\"robots\" content=\"index, follow, max-snippet:-1, max-image-preview:large, max-video-preview:-1\" \/>\n<link rel=\"canonical\" href=\"https:\/\/www.coolepark.ie\/ga\/mad-about-moths\/\" \/>\n<meta property=\"og:locale\" content=\"ga_IE\" \/>\n<meta property=\"og:type\" content=\"article\" \/>\n<meta property=\"og:title\" content=\"Mad about Moths! - Anaclann D\u00falra Ph\u00e1irc na C\u00faile\" \/>\n<meta property=\"og:description\" content=\"Did you know that we have approximately 1500 species of moth in Ireland? And that some fly by day? And some have no wings at all! If you&#8217;d like to learn more about our beautiful array of nocturnal pollinators and how we monitor them in Coole Nature Reserve, pop in to see our display in&hellip; Read More Mad about Moths!\" \/>\n<meta property=\"og:url\" content=\"https:\/\/www.coolepark.ie\/ga\/mad-about-moths\/\" \/>\n<meta property=\"og:site_name\" content=\"Anaclann D\u00falra Ph\u00e1irc na C\u00faile\" \/>\n<meta property=\"article:publisher\" content=\"https:\/\/www.facebook.com\/coolegarrylandnaturereserve\" \/>\n<meta property=\"article:published_time\" content=\"2024-02-12T16:56:57+00:00\" \/>\n<meta property=\"og:image\" content=\"https:\/\/www.coolepark.ie\/wp-content\/uploads\/2024\/02\/Events-in-the-Park-8.png\" \/>\n\t<meta property=\"og:image:width\" content=\"1080\" \/>\n\t<meta property=\"og:image:height\" content=\"1080\" \/>\n\t<meta property=\"og:image:type\" content=\"image\/png\" \/>\n<meta name=\"author\" content=\"Niall O&#039;Reilly\" \/>\n<meta name=\"twitter:card\" content=\"summary_large_image\" \/>\n<meta name=\"twitter:creator\" content=\"@DeptHousingIRL\" \/>\n<meta name=\"twitter:site\" content=\"@DeptHousingIRL\" \/>\n<meta name=\"twitter:label1\" content=\"Written by\" \/>\n\t<meta name=\"twitter:data1\" content=\"Niall O&#039;Reilly\" \/>\n\t<meta name=\"twitter:label2\" content=\"Est. reading time\" \/>\n\t<meta name=\"twitter:data2\" content=\"1 minute\" \/>\n<script type=\"application\/ld+json\" class=\"yoast-schema-graph\">{\"@context\":\"https:\\\/\\\/schema.org\",\"@graph\":[{\"@type\":\"Article\",\"@id\":\"https:\\\/\\\/www.coolepark.ie\\\/ga\\\/mad-about-moths\\\/#article\",\"isPartOf\":{\"@id\":\"https:\\\/\\\/www.coolepark.ie\\\/ga\\\/mad-about-moths\\\/\"},\"author\":{\"name\":\"Niall O'Reilly\",\"@id\":\"https:\\\/\\\/www.coolepark.ie\\\/ga\\\/#\\\/schema\\\/person\\\/29efcba775b07012c8a2280886a43d5a\"},\"headline\":\"Mad about Moths!\",\"datePublished\":\"2024-02-12T16:56:57+00:00\",\"mainEntityOfPage\":{\"@id\":\"https:\\\/\\\/www.coolepark.ie\\\/ga\\\/mad-about-moths\\\/\"},\"wordCount\":80,\"image\":{\"@id\":\"https:\\\/\\\/www.coolepark.ie\\\/ga\\\/mad-about-moths\\\/#primaryimage\"},\"thumbnailUrl\":\"https:\\\/\\\/www.coolepark.ie\\\/wp-content\\\/uploads\\\/2024\\\/02\\\/Events-in-the-Park-8.png\",\"articleSection\":[\"Latest Events\",\"Latest News &amp; Events\"],\"inLanguage\":\"ga-IE\"},{\"@type\":\"WebPage\",\"@id\":\"https:\\\/\\\/www.coolepark.ie\\\/ga\\\/mad-about-moths\\\/\",\"url\":\"https:\\\/\\\/www.coolepark.ie\\\/ga\\\/mad-about-moths\\\/\",\"name\":\"Mad about Moths! - Anaclann D\u00falra Ph\u00e1irc na C\u00faile\",\"isPartOf\":{\"@id\":\"https:\\\/\\\/www.coolepark.ie\\\/ga\\\/#website\"},\"primaryImageOfPage\":{\"@id\":\"https:\\\/\\\/www.coolepark.ie\\\/ga\\\/mad-about-moths\\\/#primaryimage\"},\"image\":{\"@id\":\"https:\\\/\\\/www.coolepark.ie\\\/ga\\\/mad-about-moths\\\/#primaryimage\"},\"thumbnailUrl\":\"https:\\\/\\\/www.coolepark.ie\\\/wp-content\\\/uploads\\\/2024\\\/02\\\/Events-in-the-Park-8.png\",\"datePublished\":\"2024-02-12T16:56:57+00:00\",\"author\":{\"@id\":\"https:\\\/\\\/www.coolepark.ie\\\/ga\\\/#\\\/schema\\\/person\\\/29efcba775b07012c8a2280886a43d5a\"},\"breadcrumb\":{\"@id\":\"https:\\\/\\\/www.coolepark.ie\\\/ga\\\/mad-about-moths\\\/#breadcrumb\"},\"inLanguage\":\"ga-IE\",\"potentialAction\":[{\"@type\":\"ReadAction\",\"target\":[\"https:\\\/\\\/www.coolepark.ie\\\/ga\\\/mad-about-moths\\\/\"]}]},{\"@type\":\"ImageObject\",\"inLanguage\":\"ga-IE\",\"@id\":\"https:\\\/\\\/www.coolepark.ie\\\/ga\\\/mad-about-moths\\\/#primaryimage\",\"url\":\"https:\\\/\\\/www.coolepark.ie\\\/wp-content\\\/uploads\\\/2024\\\/02\\\/Events-in-the-Park-8.png\",\"contentUrl\":\"https:\\\/\\\/www.coolepark.ie\\\/wp-content\\\/uploads\\\/2024\\\/02\\\/Events-in-the-Park-8.png\",\"width\":1080,\"height\":1080,\"caption\":\"Events in the park: Mad about Moths\"},{\"@type\":\"BreadcrumbList\",\"@id\":\"https:\\\/\\\/www.coolepark.ie\\\/ga\\\/mad-about-moths\\\/#breadcrumb\",\"itemListElement\":[{\"@type\":\"ListItem\",\"position\":1,\"name\":\"Home\",\"item\":\"https:\\\/\\\/www.coolepark.ie\\\/ga\\\/\"},{\"@type\":\"ListItem\",\"position\":2,\"name\":\"Mad about Moths!\"}]},{\"@type\":\"WebSite\",\"@id\":\"https:\\\/\\\/www.coolepark.ie\\\/ga\\\/#website\",\"url\":\"https:\\\/\\\/www.coolepark.ie\\\/ga\\\/\",\"name\":\"Anaclann D\u00falra Ph\u00e1irc na C\u00faile\",\"description\":\"\",\"potentialAction\":[{\"@type\":\"SearchAction\",\"target\":{\"@type\":\"EntryPoint\",\"urlTemplate\":\"https:\\\/\\\/www.coolepark.ie\\\/ga\\\/?s={search_term_string}\"},\"query-input\":{\"@type\":\"PropertyValueSpecification\",\"valueRequired\":true,\"valueName\":\"search_term_string\"}}],\"inLanguage\":\"ga-IE\"},{\"@type\":\"Person\",\"@id\":\"https:\\\/\\\/www.coolepark.ie\\\/ga\\\/#\\\/schema\\\/person\\\/29efcba775b07012c8a2280886a43d5a\",\"name\":\"Niall O'Reilly\",\"image\":{\"@type\":\"ImageObject\",\"inLanguage\":\"ga-IE\",\"@id\":\"https:\\\/\\\/secure.gravatar.com\\\/avatar\\\/1274b593cc5a314822335bbac90554390a13871c54ac76a26c3be3345811ea35?s=96&d=mm&r=g\",\"url\":\"https:\\\/\\\/secure.gravatar.com\\\/avatar\\\/1274b593cc5a314822335bbac90554390a13871c54ac76a26c3be3345811ea35?s=96&d=mm&r=g\",\"contentUrl\":\"https:\\\/\\\/secure.gravatar.com\\\/avatar\\\/1274b593cc5a314822335bbac90554390a13871c54ac76a26c3be3345811ea35?s=96&d=mm&r=g\",\"caption\":\"Niall O'Reilly\"},\"sameAs\":[\"https:\\\/\\\/www.coolepark.ie\"],\"url\":\"https:\\\/\\\/www.coolepark.ie\\\/ga\\\/author\\\/oreillyn\\\/\"}]}<\/script>\n<!-- \/ Yoast SEO plugin. -->","yoast_head_json":{"title":"Mad about Moths! - Anaclann D\u00falra Ph\u00e1irc na C\u00faile","robots":{"index":"index","follow":"follow","max-snippet":"max-snippet:-1","max-image-preview":"max-image-preview:large","max-video-preview":"max-video-preview:-1"},"canonical":"https:\/\/www.coolepark.ie\/ga\/mad-about-moths\/","og_locale":"ga_IE","og_type":"article","og_title":"Mad about Moths! - Anaclann D\u00falra Ph\u00e1irc na C\u00faile","og_description":"Did you know that we have approximately 1500 species of moth in Ireland? And that some fly by day? And some have no wings at all! If you&#8217;d like to learn more about our beautiful array of nocturnal pollinators and how we monitor them in Coole Nature Reserve, pop in to see our display in&hellip; Read More Mad about Moths!","og_url":"https:\/\/www.coolepark.ie\/ga\/mad-about-moths\/","og_site_name":"Anaclann D\u00falra Ph\u00e1irc na C\u00faile","article_publisher":"https:\/\/www.facebook.com\/coolegarrylandnaturereserve","article_published_time":"2024-02-12T16:56:57+00:00","og_image":[{"width":1080,"height":1080,"url":"https:\/\/www.coolepark.ie\/wp-content\/uploads\/2024\/02\/Events-in-the-Park-8.png","type":"image\/png"}],"author":"Niall O'Reilly","twitter_card":"summary_large_image","twitter_creator":"@DeptHousingIRL","twitter_site":"@DeptHousingIRL","twitter_misc":{"Written by":"Niall O'Reilly","Est. reading time":"1 minute"},"schema":{"@context":"https:\/\/schema.org","@graph":[{"@type":"Article","@id":"https:\/\/www.coolepark.ie\/ga\/mad-about-moths\/#article","isPartOf":{"@id":"https:\/\/www.coolepark.ie\/ga\/mad-about-moths\/"},"author":{"name":"Niall O'Reilly","@id":"https:\/\/www.coolepark.ie\/ga\/#\/schema\/person\/29efcba775b07012c8a2280886a43d5a"},"headline":"Mad about Moths!","datePublished":"2024-02-12T16:56:57+00:00","mainEntityOfPage":{"@id":"https:\/\/www.coolepark.ie\/ga\/mad-about-moths\/"},"wordCount":80,"image":{"@id":"https:\/\/www.coolepark.ie\/ga\/mad-about-moths\/#primaryimage"},"thumbnailUrl":"https:\/\/www.coolepark.ie\/wp-content\/uploads\/2024\/02\/Events-in-the-Park-8.png","articleSection":["Latest Events","Latest News &amp; Events"],"inLanguage":"ga-IE"},{"@type":"WebPage","@id":"https:\/\/www.coolepark.ie\/ga\/mad-about-moths\/","url":"https:\/\/www.coolepark.ie\/ga\/mad-about-moths\/","name":"Mad about Moths! - Anaclann D\u00falra Ph\u00e1irc na C\u00faile","isPartOf":{"@id":"https:\/\/www.coolepark.ie\/ga\/#website"},"primaryImageOfPage":{"@id":"https:\/\/www.coolepark.ie\/ga\/mad-about-moths\/#primaryimage"},"image":{"@id":"https:\/\/www.coolepark.ie\/ga\/mad-about-moths\/#primaryimage"},"thumbnailUrl":"https:\/\/www.coolepark.ie\/wp-content\/uploads\/2024\/02\/Events-in-the-Park-8.png","datePublished":"2024-02-12T16:56:57+00:00","author":{"@id":"https:\/\/www.coolepark.ie\/ga\/#\/schema\/person\/29efcba775b07012c8a2280886a43d5a"},"breadcrumb":{"@id":"https:\/\/www.coolepark.ie\/ga\/mad-about-moths\/#breadcrumb"},"inLanguage":"ga-IE","potentialAction":[{"@type":"ReadAction","target":["https:\/\/www.coolepark.ie\/ga\/mad-about-moths\/"]}]},{"@type":"ImageObject","inLanguage":"ga-IE","@id":"https:\/\/www.coolepark.ie\/ga\/mad-about-moths\/#primaryimage","url":"https:\/\/www.coolepark.ie\/wp-content\/uploads\/2024\/02\/Events-in-the-Park-8.png","contentUrl":"https:\/\/www.coolepark.ie\/wp-content\/uploads\/2024\/02\/Events-in-the-Park-8.png","width":1080,"height":1080,"caption":"Events in the park: Mad about Moths"},{"@type":"BreadcrumbList","@id":"https:\/\/www.coolepark.ie\/ga\/mad-about-moths\/#breadcrumb","itemListElement":[{"@type":"ListItem","position":1,"name":"Home","item":"https:\/\/www.coolepark.ie\/ga\/"},{"@type":"ListItem","position":2,"name":"Mad about Moths!"}]},{"@type":"WebSite","@id":"https:\/\/www.coolepark.ie\/ga\/#website","url":"https:\/\/www.coolepark.ie\/ga\/","name":"Anaclann D\u00falra Ph\u00e1irc na C\u00faile","description":"","potentialAction":[{"@type":"SearchAction","target":{"@type":"EntryPoint","urlTemplate":"https:\/\/www.coolepark.ie\/ga\/?s={search_term_string}"},"query-input":{"@type":"PropertyValueSpecification","valueRequired":true,"valueName":"search_term_string"}}],"inLanguage":"ga-IE"},{"@type":"Person","@id":"https:\/\/www.coolepark.ie\/ga\/#\/schema\/person\/29efcba775b07012c8a2280886a43d5a","name":"Niall O'Reilly","image":{"@type":"ImageObject","inLanguage":"ga-IE","@id":"https:\/\/secure.gravatar.com\/avatar\/1274b593cc5a314822335bbac90554390a13871c54ac76a26c3be3345811ea35?s=96&d=mm&r=g","url":"https:\/\/secure.gravatar.com\/avatar\/1274b593cc5a314822335bbac90554390a13871c54ac76a26c3be3345811ea35?s=96&d=mm&r=g","contentUrl":"https:\/\/secure.gravatar.com\/avatar\/1274b593cc5a314822335bbac90554390a13871c54ac76a26c3be3345811ea35?s=96&d=mm&r=g","caption":"Niall O'Reilly"},"sameAs":["https:\/\/www.coolepark.ie"],"url":"https:\/\/www.coolepark.ie\/ga\/author\/oreillyn\/"}]}},"jetpack_featured_media_url":"https:\/\/www.coolepark.ie\/wp-content\/uploads\/2024\/02\/Events-in-the-Park-8.png","_links":{"self":[{"href":"https:\/\/www.coolepark.ie\/ga\/wp-json\/wp\/v2\/posts\/2192","targetHints":{"allow":["GET"]}}],"collection":[{"href":"https:\/\/www.coolepark.ie\/ga\/wp-json\/wp\/v2\/posts"}],"about":[{"href":"https:\/\/www.coolepark.ie\/ga\/wp-json\/wp\/v2\/types\/post"}],"author":[{"embeddable":true,"href":"https:\/\/www.coolepark.ie\/ga\/wp-json\/wp\/v2\/users\/3"}],"replies":[{"embeddable":true,"href":"https:\/\/www.coolepark.ie\/ga\/wp-json\/wp\/v2\/comments?post=2192"}],"version-history":[{"count":1,"href":"https:\/\/www.coolepark.ie\/ga\/wp-json\/wp\/v2\/posts\/2192\/revisions"}],"predecessor-version":[{"id":2193,"href":"https:\/\/www.coolepark.ie\/ga\/wp-json\/wp\/v2\/posts\/2192\/revisions\/2193"}],"wp:featuredmedia":[{"embeddable":true,"href":"https:\/\/www.coolepark.ie\/ga\/wp-json\/wp\/v2\/media\/2188"}],"wp:attachment":[{"href":"https:\/\/www.coolepark.ie\/ga\/wp-json\/wp\/v2\/media?parent=2192"}],"wp:term":[{"taxonomy":"category","embeddable":true,"href":"https:\/\/www.coolepark.ie\/ga\/wp-json\/wp\/v2\/categories?post=2192"},{"taxonomy":"post_tag","embeddable":true,"href":"https:\/\/www.coolepark.ie\/ga\/wp-json\/wp\/v2\/tags?post=2192"}],"curies":[{"name":"wp","href":"https:\/\/api.w.org\/{rel}","templated":true}]}}