{"id":262,"date":"2018-05-17T12:24:15","date_gmt":"2018-05-17T12:24:15","guid":{"rendered":"https:\/\/www.coolepark.ie\/?p=262"},"modified":"2021-12-29T14:50:09","modified_gmt":"2021-12-29T14:50:09","slug":"irelands-national-biodiversity-week-in-coole-park-events","status":"publish","type":"post","link":"https:\/\/www.coolepark.ie\/ga\/irelands-national-biodiversity-week-in-coole-park-events\/","title":{"rendered":"Ireland&#8217;s National Biodiversity Week 2018 &#8211; Coole Park EVENTS"},"content":{"rendered":"<p><img loading=\"lazy\" decoding=\"async\" class=\"alignnone wp-image-270 size-medium\" src=\"https:\/\/www.coolepark.ie\/wp-content\/uploads\/2018\/05\/Biodiversity-Week-3-300x186.png\" alt=\"Ireland's National Biodiversity Week\" width=\"300\" height=\"186\" srcset=\"https:\/\/www.coolepark.ie\/wp-content\/uploads\/2018\/05\/Biodiversity-Week-3-300x186.png 300w, https:\/\/www.coolepark.ie\/wp-content\/uploads\/2018\/05\/Biodiversity-Week-3.png 379w\" sizes=\"auto, (max-width: 300px) 100vw, 300px\" \/><br \/>\nWe have many events lined up for Ireland&#8217;s National Biodiversity Week in Coole.<br \/>\nOn <strong>Saturday 19th <\/strong>we will have a Bat Watch Event with local NPWS Ranger Raymond Stevens. There will be an illustrated talk about bats at <strong>9pm<\/strong> in the visitor centre followed at 9.30pm by a bat walk leaving from the visitor centre car park. Please bring strong footwear, a torch and warm clothes. This event in weather dependant.<\/p>\n<p>On <strong>Monday 21st at 3pm <\/strong>we will have a Tree of Life walk, looking at the remarkable associations between trees and the wildlife that lives on them. This walk will start from the Visitor Centre and will last approximately an hour and a half.<\/p>\n<p>On <strong>Tuesday 22nd at 3pm <\/strong>there will be a Biodiversity Walk, looking at all the nature Coole Park has to offer &#8211; Flowers, Trees, Birds, and Bees. This walk will start from the Visitor Centre and will last approximately an hour and a half.<\/p>\n<p>On <strong>Thursday 24th at 2.30<\/strong>, the Burren National Park is delighted to announce a pine marten talk presented by Ruth Hannify from the Vincent Wildlife Trust. The Burren, with its mature ash\/hazel woodland is considered to be the pine marten\u2019s Irish stronghold. If you are fascinated by pine marten behaviour, curious about their ecology, concerned about their conservation in Ireland or simply interested in learning more about this elusive mammal, come along! The talk will take place in Coole Park Visitor Centre and should last approximately 1.30-2 hours.<\/p>\n<p>On <strong>Saturday 26th at 7-9am <\/strong>we will have a Dawn Chorus event with NPWS Ranger Raymond Stevens. This is the best time to hear and see the wild birds that live in Coole. Drop in between 7-9, Raymond will be moving between the Visitor Centre and the Turlough (he&#8217;s the one the with Binoculars).<\/p>\n<p>Also on <strong>Saturday 26th at 2.30pm <\/strong>there will be a Butterfly Walk- this is your chance to see our amazing Irish Butterflies up close. This event is very weather dependant, so booking IS required in case the weather is unfavourable for butterflies. Please email coolepark@npws.gov.ie or phone 091631804 to book.<\/p>\n<p>On <strong>Sunday 27th at 2.30pm <\/strong>local artist and author Gordon D&#8217;Arcy will hold Nature Art event for children in the Walled Garden (relocating to the stables if the weather is bad).<\/p>\n<p>To find out more, look on our Facebook page or stay tuned here. All events are free and no bookings required unless stated otherwise. Please no dogs except guide dogs on the guided walks for the comfort of others.<\/p>\n","protected":false},"excerpt":{"rendered":"<p>We have many events lined up for Ireland&#8217;s National Biodiversity Week in Coole. On Saturday 19th we will have a Bat Watch Event with local NPWS Ranger Raymond Stevens. There will be an illustrated talk about bats at 9pm in the visitor centre followed at 9.30pm by a bat walk leaving from the visitor centre&hellip; <a class=\"continue\" href=\"https:\/\/www.coolepark.ie\/ga\/irelands-national-biodiversity-week-in-coole-park-events\/\">Read More<span> Ireland&#8217;s National Biodiversity Week 2018 &#8211; Coole Park EVENTS<\/span><\/a><\/p>\n","protected":false},"author":3,"featured_media":270,"comment_status":"closed","ping_status":"closed","sticky":false,"template":"","format":"standard","meta":{"footnotes":""},"categories":[1],"tags":[],"class_list":["post-262","post","type-post","status-publish","format-standard","has-post-thumbnail","hentry","category-uncategorized"],"yoast_head":"<!-- This site is optimized with the Yoast SEO plugin v27.5 - https:\/\/yoast.com\/product\/yoast-seo-wordpress\/ -->\n<title>Ireland&#039;s National Biodiversity Week 2018 - Coole Park EVENTS - Anaclann D\u00falra Ph\u00e1irc na C\u00faile<\/title>\n<meta name=\"robots\" content=\"index, follow, max-snippet:-1, max-image-preview:large, max-video-preview:-1\" \/>\n<link rel=\"canonical\" href=\"https:\/\/www.coolepark.ie\/ga\/irelands-national-biodiversity-week-in-coole-park-events\/\" \/>\n<meta property=\"og:locale\" content=\"ga_IE\" \/>\n<meta property=\"og:type\" content=\"article\" \/>\n<meta property=\"og:title\" content=\"Ireland&#039;s National Biodiversity Week 2018 - Coole Park EVENTS - Anaclann D\u00falra Ph\u00e1irc na C\u00faile\" \/>\n<meta property=\"og:description\" content=\"We have many events lined up for Ireland&#8217;s National Biodiversity Week in Coole. On Saturday 19th we will have a Bat Watch Event with local NPWS Ranger Raymond Stevens. There will be an illustrated talk about bats at 9pm in the visitor centre followed at 9.30pm by a bat walk leaving from the visitor centre&hellip; Read More Ireland&#8217;s National Biodiversity Week 2018 &#8211; Coole Park EVENTS\" \/>\n<meta property=\"og:url\" content=\"https:\/\/www.coolepark.ie\/ga\/irelands-national-biodiversity-week-in-coole-park-events\/\" \/>\n<meta property=\"og:site_name\" content=\"Anaclann D\u00falra Ph\u00e1irc na C\u00faile\" \/>\n<meta property=\"article:publisher\" content=\"https:\/\/www.facebook.com\/coolegarrylandnaturereserve\" \/>\n<meta property=\"article:published_time\" content=\"2018-05-17T12:24:15+00:00\" \/>\n<meta property=\"article:modified_time\" content=\"2021-12-29T14:50:09+00:00\" \/>\n<meta property=\"og:image\" content=\"https:\/\/www.coolepark.ie\/wp-content\/uploads\/2018\/05\/Biodiversity-Week-3.png\" \/>\n\t<meta property=\"og:image:width\" content=\"379\" \/>\n\t<meta property=\"og:image:height\" content=\"235\" \/>\n\t<meta property=\"og:image:type\" content=\"image\/png\" \/>\n<meta name=\"author\" content=\"Niall O&#039;Reilly\" \/>\n<meta name=\"twitter:card\" content=\"summary_large_image\" \/>\n<meta name=\"twitter:creator\" content=\"@DeptHousingIRL\" \/>\n<meta name=\"twitter:site\" content=\"@DeptHousingIRL\" \/>\n<meta name=\"twitter:label1\" content=\"Written by\" \/>\n\t<meta name=\"twitter:data1\" content=\"Niall O&#039;Reilly\" \/>\n\t<meta name=\"twitter:label2\" content=\"Est. reading time\" \/>\n\t<meta name=\"twitter:data2\" content=\"2 minutes\" \/>\n<script type=\"application\/ld+json\" class=\"yoast-schema-graph\">{\"@context\":\"https:\\\/\\\/schema.org\",\"@graph\":[{\"@type\":\"Article\",\"@id\":\"https:\\\/\\\/www.coolepark.ie\\\/ga\\\/irelands-national-biodiversity-week-in-coole-park-events\\\/#article\",\"isPartOf\":{\"@id\":\"https:\\\/\\\/www.coolepark.ie\\\/ga\\\/irelands-national-biodiversity-week-in-coole-park-events\\\/\"},\"author\":{\"name\":\"Niall O'Reilly\",\"@id\":\"https:\\\/\\\/www.coolepark.ie\\\/ga\\\/#\\\/schema\\\/person\\\/29efcba775b07012c8a2280886a43d5a\"},\"headline\":\"Ireland&#8217;s National Biodiversity Week 2018 &#8211; Coole Park EVENTS\",\"datePublished\":\"2018-05-17T12:24:15+00:00\",\"dateModified\":\"2021-12-29T14:50:09+00:00\",\"mainEntityOfPage\":{\"@id\":\"https:\\\/\\\/www.coolepark.ie\\\/ga\\\/irelands-national-biodiversity-week-in-coole-park-events\\\/\"},\"wordCount\":437,\"image\":{\"@id\":\"https:\\\/\\\/www.coolepark.ie\\\/ga\\\/irelands-national-biodiversity-week-in-coole-park-events\\\/#primaryimage\"},\"thumbnailUrl\":\"https:\\\/\\\/www.coolepark.ie\\\/wp-content\\\/uploads\\\/2018\\\/05\\\/Biodiversity-Week-3.png\",\"inLanguage\":\"ga-IE\"},{\"@type\":\"WebPage\",\"@id\":\"https:\\\/\\\/www.coolepark.ie\\\/ga\\\/irelands-national-biodiversity-week-in-coole-park-events\\\/\",\"url\":\"https:\\\/\\\/www.coolepark.ie\\\/ga\\\/irelands-national-biodiversity-week-in-coole-park-events\\\/\",\"name\":\"Ireland's National Biodiversity Week 2018 - Coole Park EVENTS - Anaclann D\u00falra Ph\u00e1irc na C\u00faile\",\"isPartOf\":{\"@id\":\"https:\\\/\\\/www.coolepark.ie\\\/ga\\\/#website\"},\"primaryImageOfPage\":{\"@id\":\"https:\\\/\\\/www.coolepark.ie\\\/ga\\\/irelands-national-biodiversity-week-in-coole-park-events\\\/#primaryimage\"},\"image\":{\"@id\":\"https:\\\/\\\/www.coolepark.ie\\\/ga\\\/irelands-national-biodiversity-week-in-coole-park-events\\\/#primaryimage\"},\"thumbnailUrl\":\"https:\\\/\\\/www.coolepark.ie\\\/wp-content\\\/uploads\\\/2018\\\/05\\\/Biodiversity-Week-3.png\",\"datePublished\":\"2018-05-17T12:24:15+00:00\",\"dateModified\":\"2021-12-29T14:50:09+00:00\",\"author\":{\"@id\":\"https:\\\/\\\/www.coolepark.ie\\\/ga\\\/#\\\/schema\\\/person\\\/29efcba775b07012c8a2280886a43d5a\"},\"breadcrumb\":{\"@id\":\"https:\\\/\\\/www.coolepark.ie\\\/ga\\\/irelands-national-biodiversity-week-in-coole-park-events\\\/#breadcrumb\"},\"inLanguage\":\"ga-IE\",\"potentialAction\":[{\"@type\":\"ReadAction\",\"target\":[\"https:\\\/\\\/www.coolepark.ie\\\/ga\\\/irelands-national-biodiversity-week-in-coole-park-events\\\/\"]}]},{\"@type\":\"ImageObject\",\"inLanguage\":\"ga-IE\",\"@id\":\"https:\\\/\\\/www.coolepark.ie\\\/ga\\\/irelands-national-biodiversity-week-in-coole-park-events\\\/#primaryimage\",\"url\":\"https:\\\/\\\/www.coolepark.ie\\\/wp-content\\\/uploads\\\/2018\\\/05\\\/Biodiversity-Week-3.png\",\"contentUrl\":\"https:\\\/\\\/www.coolepark.ie\\\/wp-content\\\/uploads\\\/2018\\\/05\\\/Biodiversity-Week-3.png\",\"width\":379,\"height\":235,\"caption\":\"Biodiversity Week 2018\"},{\"@type\":\"BreadcrumbList\",\"@id\":\"https:\\\/\\\/www.coolepark.ie\\\/ga\\\/irelands-national-biodiversity-week-in-coole-park-events\\\/#breadcrumb\",\"itemListElement\":[{\"@type\":\"ListItem\",\"position\":1,\"name\":\"Home\",\"item\":\"https:\\\/\\\/www.coolepark.ie\\\/ga\\\/\"},{\"@type\":\"ListItem\",\"position\":2,\"name\":\"Ireland&#8217;s National Biodiversity Week 2018 &#8211; Coole Park EVENTS\"}]},{\"@type\":\"WebSite\",\"@id\":\"https:\\\/\\\/www.coolepark.ie\\\/ga\\\/#website\",\"url\":\"https:\\\/\\\/www.coolepark.ie\\\/ga\\\/\",\"name\":\"Anaclann D\u00falra Ph\u00e1irc na C\u00faile\",\"description\":\"\",\"potentialAction\":[{\"@type\":\"SearchAction\",\"target\":{\"@type\":\"EntryPoint\",\"urlTemplate\":\"https:\\\/\\\/www.coolepark.ie\\\/ga\\\/?s={search_term_string}\"},\"query-input\":{\"@type\":\"PropertyValueSpecification\",\"valueRequired\":true,\"valueName\":\"search_term_string\"}}],\"inLanguage\":\"ga-IE\"},{\"@type\":\"Person\",\"@id\":\"https:\\\/\\\/www.coolepark.ie\\\/ga\\\/#\\\/schema\\\/person\\\/29efcba775b07012c8a2280886a43d5a\",\"name\":\"Niall O'Reilly\",\"image\":{\"@type\":\"ImageObject\",\"inLanguage\":\"ga-IE\",\"@id\":\"https:\\\/\\\/secure.gravatar.com\\\/avatar\\\/1274b593cc5a314822335bbac90554390a13871c54ac76a26c3be3345811ea35?s=96&d=mm&r=g\",\"url\":\"https:\\\/\\\/secure.gravatar.com\\\/avatar\\\/1274b593cc5a314822335bbac90554390a13871c54ac76a26c3be3345811ea35?s=96&d=mm&r=g\",\"contentUrl\":\"https:\\\/\\\/secure.gravatar.com\\\/avatar\\\/1274b593cc5a314822335bbac90554390a13871c54ac76a26c3be3345811ea35?s=96&d=mm&r=g\",\"caption\":\"Niall O'Reilly\"},\"sameAs\":[\"https:\\\/\\\/www.coolepark.ie\"],\"url\":\"https:\\\/\\\/www.coolepark.ie\\\/ga\\\/author\\\/oreillyn\\\/\"}]}<\/script>\n<!-- \/ Yoast SEO plugin. -->","yoast_head_json":{"title":"Ireland's National Biodiversity Week 2018 - Coole Park EVENTS - Anaclann D\u00falra Ph\u00e1irc na C\u00faile","robots":{"index":"index","follow":"follow","max-snippet":"max-snippet:-1","max-image-preview":"max-image-preview:large","max-video-preview":"max-video-preview:-1"},"canonical":"https:\/\/www.coolepark.ie\/ga\/irelands-national-biodiversity-week-in-coole-park-events\/","og_locale":"ga_IE","og_type":"article","og_title":"Ireland's National Biodiversity Week 2018 - Coole Park EVENTS - Anaclann D\u00falra Ph\u00e1irc na C\u00faile","og_description":"We have many events lined up for Ireland&#8217;s National Biodiversity Week in Coole. On Saturday 19th we will have a Bat Watch Event with local NPWS Ranger Raymond Stevens. There will be an illustrated talk about bats at 9pm in the visitor centre followed at 9.30pm by a bat walk leaving from the visitor centre&hellip; Read More Ireland&#8217;s National Biodiversity Week 2018 &#8211; Coole Park EVENTS","og_url":"https:\/\/www.coolepark.ie\/ga\/irelands-national-biodiversity-week-in-coole-park-events\/","og_site_name":"Anaclann D\u00falra Ph\u00e1irc na C\u00faile","article_publisher":"https:\/\/www.facebook.com\/coolegarrylandnaturereserve","article_published_time":"2018-05-17T12:24:15+00:00","article_modified_time":"2021-12-29T14:50:09+00:00","og_image":[{"width":379,"height":235,"url":"https:\/\/www.coolepark.ie\/wp-content\/uploads\/2018\/05\/Biodiversity-Week-3.png","type":"image\/png"}],"author":"Niall O'Reilly","twitter_card":"summary_large_image","twitter_creator":"@DeptHousingIRL","twitter_site":"@DeptHousingIRL","twitter_misc":{"Written by":"Niall O'Reilly","Est. reading time":"2 minutes"},"schema":{"@context":"https:\/\/schema.org","@graph":[{"@type":"Article","@id":"https:\/\/www.coolepark.ie\/ga\/irelands-national-biodiversity-week-in-coole-park-events\/#article","isPartOf":{"@id":"https:\/\/www.coolepark.ie\/ga\/irelands-national-biodiversity-week-in-coole-park-events\/"},"author":{"name":"Niall O'Reilly","@id":"https:\/\/www.coolepark.ie\/ga\/#\/schema\/person\/29efcba775b07012c8a2280886a43d5a"},"headline":"Ireland&#8217;s National Biodiversity Week 2018 &#8211; Coole Park EVENTS","datePublished":"2018-05-17T12:24:15+00:00","dateModified":"2021-12-29T14:50:09+00:00","mainEntityOfPage":{"@id":"https:\/\/www.coolepark.ie\/ga\/irelands-national-biodiversity-week-in-coole-park-events\/"},"wordCount":437,"image":{"@id":"https:\/\/www.coolepark.ie\/ga\/irelands-national-biodiversity-week-in-coole-park-events\/#primaryimage"},"thumbnailUrl":"https:\/\/www.coolepark.ie\/wp-content\/uploads\/2018\/05\/Biodiversity-Week-3.png","inLanguage":"ga-IE"},{"@type":"WebPage","@id":"https:\/\/www.coolepark.ie\/ga\/irelands-national-biodiversity-week-in-coole-park-events\/","url":"https:\/\/www.coolepark.ie\/ga\/irelands-national-biodiversity-week-in-coole-park-events\/","name":"Ireland's National Biodiversity Week 2018 - Coole Park EVENTS - Anaclann D\u00falra Ph\u00e1irc na C\u00faile","isPartOf":{"@id":"https:\/\/www.coolepark.ie\/ga\/#website"},"primaryImageOfPage":{"@id":"https:\/\/www.coolepark.ie\/ga\/irelands-national-biodiversity-week-in-coole-park-events\/#primaryimage"},"image":{"@id":"https:\/\/www.coolepark.ie\/ga\/irelands-national-biodiversity-week-in-coole-park-events\/#primaryimage"},"thumbnailUrl":"https:\/\/www.coolepark.ie\/wp-content\/uploads\/2018\/05\/Biodiversity-Week-3.png","datePublished":"2018-05-17T12:24:15+00:00","dateModified":"2021-12-29T14:50:09+00:00","author":{"@id":"https:\/\/www.coolepark.ie\/ga\/#\/schema\/person\/29efcba775b07012c8a2280886a43d5a"},"breadcrumb":{"@id":"https:\/\/www.coolepark.ie\/ga\/irelands-national-biodiversity-week-in-coole-park-events\/#breadcrumb"},"inLanguage":"ga-IE","potentialAction":[{"@type":"ReadAction","target":["https:\/\/www.coolepark.ie\/ga\/irelands-national-biodiversity-week-in-coole-park-events\/"]}]},{"@type":"ImageObject","inLanguage":"ga-IE","@id":"https:\/\/www.coolepark.ie\/ga\/irelands-national-biodiversity-week-in-coole-park-events\/#primaryimage","url":"https:\/\/www.coolepark.ie\/wp-content\/uploads\/2018\/05\/Biodiversity-Week-3.png","contentUrl":"https:\/\/www.coolepark.ie\/wp-content\/uploads\/2018\/05\/Biodiversity-Week-3.png","width":379,"height":235,"caption":"Biodiversity Week 2018"},{"@type":"BreadcrumbList","@id":"https:\/\/www.coolepark.ie\/ga\/irelands-national-biodiversity-week-in-coole-park-events\/#breadcrumb","itemListElement":[{"@type":"ListItem","position":1,"name":"Home","item":"https:\/\/www.coolepark.ie\/ga\/"},{"@type":"ListItem","position":2,"name":"Ireland&#8217;s National Biodiversity Week 2018 &#8211; Coole Park EVENTS"}]},{"@type":"WebSite","@id":"https:\/\/www.coolepark.ie\/ga\/#website","url":"https:\/\/www.coolepark.ie\/ga\/","name":"Anaclann D\u00falra Ph\u00e1irc na C\u00faile","description":"","potentialAction":[{"@type":"SearchAction","target":{"@type":"EntryPoint","urlTemplate":"https:\/\/www.coolepark.ie\/ga\/?s={search_term_string}"},"query-input":{"@type":"PropertyValueSpecification","valueRequired":true,"valueName":"search_term_string"}}],"inLanguage":"ga-IE"},{"@type":"Person","@id":"https:\/\/www.coolepark.ie\/ga\/#\/schema\/person\/29efcba775b07012c8a2280886a43d5a","name":"Niall O'Reilly","image":{"@type":"ImageObject","inLanguage":"ga-IE","@id":"https:\/\/secure.gravatar.com\/avatar\/1274b593cc5a314822335bbac90554390a13871c54ac76a26c3be3345811ea35?s=96&d=mm&r=g","url":"https:\/\/secure.gravatar.com\/avatar\/1274b593cc5a314822335bbac90554390a13871c54ac76a26c3be3345811ea35?s=96&d=mm&r=g","contentUrl":"https:\/\/secure.gravatar.com\/avatar\/1274b593cc5a314822335bbac90554390a13871c54ac76a26c3be3345811ea35?s=96&d=mm&r=g","caption":"Niall O'Reilly"},"sameAs":["https:\/\/www.coolepark.ie"],"url":"https:\/\/www.coolepark.ie\/ga\/author\/oreillyn\/"}]}},"jetpack_featured_media_url":"https:\/\/www.coolepark.ie\/wp-content\/uploads\/2018\/05\/Biodiversity-Week-3.png","_links":{"self":[{"href":"https:\/\/www.coolepark.ie\/ga\/wp-json\/wp\/v2\/posts\/262","targetHints":{"allow":["GET"]}}],"collection":[{"href":"https:\/\/www.coolepark.ie\/ga\/wp-json\/wp\/v2\/posts"}],"about":[{"href":"https:\/\/www.coolepark.ie\/ga\/wp-json\/wp\/v2\/types\/post"}],"author":[{"embeddable":true,"href":"https:\/\/www.coolepark.ie\/ga\/wp-json\/wp\/v2\/users\/3"}],"replies":[{"embeddable":true,"href":"https:\/\/www.coolepark.ie\/ga\/wp-json\/wp\/v2\/comments?post=262"}],"version-history":[{"count":11,"href":"https:\/\/www.coolepark.ie\/ga\/wp-json\/wp\/v2\/posts\/262\/revisions"}],"predecessor-version":[{"id":1098,"href":"https:\/\/www.coolepark.ie\/ga\/wp-json\/wp\/v2\/posts\/262\/revisions\/1098"}],"wp:featuredmedia":[{"embeddable":true,"href":"https:\/\/www.coolepark.ie\/ga\/wp-json\/wp\/v2\/media\/270"}],"wp:attachment":[{"href":"https:\/\/www.coolepark.ie\/ga\/wp-json\/wp\/v2\/media?parent=262"}],"wp:term":[{"taxonomy":"category","embeddable":true,"href":"https:\/\/www.coolepark.ie\/ga\/wp-json\/wp\/v2\/categories?post=262"},{"taxonomy":"post_tag","embeddable":true,"href":"https:\/\/www.coolepark.ie\/ga\/wp-json\/wp\/v2\/tags?post=262"}],"curies":[{"name":"wp","href":"https:\/\/api.w.org\/{rel}","templated":true}]}}