{"id":2877,"date":"2025-08-02T15:29:18","date_gmt":"2025-08-02T15:29:18","guid":{"rendered":"https:\/\/www.coolepark.ie\/?p=2877"},"modified":"2025-08-02T15:29:18","modified_gmt":"2025-08-02T15:29:18","slug":"heritage-week-events-2025","status":"publish","type":"post","link":"https:\/\/www.coolepark.ie\/ga\/heritage-week-events-2025\/","title":{"rendered":"Heritage Week Events 2025"},"content":{"rendered":"<div class=\"xdj266r x14z9mp xat24cr x1lziwak x1vvkbs x126k92a\">\n<div dir=\"auto\">Heritage Week 2025 takes place between 16th &#8211; 24th August and we have some great free events lined up!<\/div>\n<\/div>\n<div class=\"x14z9mp xat24cr x1lziwak x1vvkbs xtlvy1s x126k92a\">\n<div dir=\"auto\">Sunday 17th Aug: Come and join in some of the traditional children&#8217;s games that Lady Gregory&#8217;s grandchildren would have played! Meet us in the Walled Garden at 11am.<\/div>\n<\/div>\n<div class=\"x14z9mp xat24cr x1lziwak x1vvkbs xtlvy1s x126k92a\">\n<div dir=\"auto\"><\/div>\n<div dir=\"auto\">Tuesday 19th Aug: An evening walk and talk about Lesser Horseshoe Bats in Garryland (back entrance to Coole Park Nature Reserve) with Kate McAney from Vincent Wildlife Trust.<\/div>\n<div dir=\"auto\">Booking is essential for this event and you can reserve your ticket via Eventbrite:<\/div>\n<div dir=\"auto\"><a href=\"https:\/\/www.heritageweek.ie\/event-listings\/bat-walk-discover-the-lesser-horseshoe-bat-in-county-galway\">https:\/\/www.heritageweek.ie\/event-listings\/bat-walk-discover-the-lesser-horseshoe-bat-in-county-galway<\/a><\/div>\n<div dir=\"auto\"><\/div>\n<\/div>\n<div class=\"x14z9mp xat24cr x1lziwak x1vvkbs xtlvy1s x126k92a\">\n<div dir=\"auto\">Thursday 21st Aug: Drop in to our Visitor Centre at 11am and learn how to make your own zoetrope or thaumatrope &#8211; some of the earliest forms of motion pictures, that can be used creatively to learn about the natural world.<\/div>\n<\/div>\n<div dir=\"auto\"><\/div>\n<div dir=\"auto\"><\/div>\n","protected":false},"excerpt":{"rendered":"<p>Heritage Week 2025 takes place between 16th &#8211; 24th August and we have some great free events lined up! Sunday 17th Aug: Come and join in some of the traditional children&#8217;s games that Lady Gregory&#8217;s grandchildren would have played! Meet us in the Walled Garden at 11am. Tuesday 19th Aug: An evening walk and talk&hellip; <a class=\"continue\" href=\"https:\/\/www.coolepark.ie\/ga\/heritage-week-events-2025\/\">Read More<span> Heritage Week Events 2025<\/span><\/a><\/p>\n","protected":false},"author":3,"featured_media":2878,"comment_status":"closed","ping_status":"closed","sticky":false,"template":"","format":"standard","meta":{"footnotes":""},"categories":[3],"tags":[],"class_list":["post-2877","post","type-post","status-publish","format-standard","has-post-thumbnail","hentry","category-cateorgy-latest-news"],"yoast_head":"<!-- This site is optimized with the Yoast SEO plugin v27.5 - https:\/\/yoast.com\/product\/yoast-seo-wordpress\/ -->\n<title>Heritage Week Events 2025 - Anaclann D\u00falra Ph\u00e1irc na C\u00faile<\/title>\n<meta name=\"robots\" content=\"index, follow, max-snippet:-1, max-image-preview:large, max-video-preview:-1\" \/>\n<link rel=\"canonical\" href=\"https:\/\/www.coolepark.ie\/ga\/heritage-week-events-2025\/\" \/>\n<meta property=\"og:locale\" content=\"ga_IE\" \/>\n<meta property=\"og:type\" content=\"article\" \/>\n<meta property=\"og:title\" content=\"Heritage Week Events 2025 - Anaclann D\u00falra Ph\u00e1irc na C\u00faile\" \/>\n<meta property=\"og:description\" content=\"Heritage Week 2025 takes place between 16th &#8211; 24th August and we have some great free events lined up! Sunday 17th Aug: Come and join in some of the traditional children&#8217;s games that Lady Gregory&#8217;s grandchildren would have played! Meet us in the Walled Garden at 11am. Tuesday 19th Aug: An evening walk and talk&hellip; Read More Heritage Week Events 2025\" \/>\n<meta property=\"og:url\" content=\"https:\/\/www.coolepark.ie\/ga\/heritage-week-events-2025\/\" \/>\n<meta property=\"og:site_name\" content=\"Anaclann D\u00falra Ph\u00e1irc na C\u00faile\" \/>\n<meta property=\"article:publisher\" content=\"https:\/\/www.facebook.com\/coolegarrylandnaturereserve\" \/>\n<meta property=\"article:published_time\" content=\"2025-08-02T15:29:18+00:00\" \/>\n<meta property=\"og:image\" content=\"https:\/\/www.coolepark.ie\/wp-content\/uploads\/2025\/08\/Events-in-the-Park-14.png\" \/>\n\t<meta property=\"og:image:width\" content=\"1080\" \/>\n\t<meta property=\"og:image:height\" content=\"1080\" \/>\n\t<meta property=\"og:image:type\" content=\"image\/png\" \/>\n<meta name=\"author\" content=\"Niall O&#039;Reilly\" \/>\n<meta name=\"twitter:card\" content=\"summary_large_image\" \/>\n<meta name=\"twitter:creator\" content=\"@DeptHousingIRL\" \/>\n<meta name=\"twitter:site\" content=\"@DeptHousingIRL\" \/>\n<meta name=\"twitter:label1\" content=\"Written by\" \/>\n\t<meta name=\"twitter:data1\" content=\"Niall O&#039;Reilly\" \/>\n\t<meta name=\"twitter:label2\" content=\"Est. reading time\" \/>\n\t<meta name=\"twitter:data2\" content=\"1 minute\" \/>\n<script type=\"application\/ld+json\" class=\"yoast-schema-graph\">{\"@context\":\"https:\\\/\\\/schema.org\",\"@graph\":[{\"@type\":\"Article\",\"@id\":\"https:\\\/\\\/www.coolepark.ie\\\/ga\\\/heritage-week-events-2025\\\/#article\",\"isPartOf\":{\"@id\":\"https:\\\/\\\/www.coolepark.ie\\\/ga\\\/heritage-week-events-2025\\\/\"},\"author\":{\"name\":\"Niall O'Reilly\",\"@id\":\"https:\\\/\\\/www.coolepark.ie\\\/ga\\\/#\\\/schema\\\/person\\\/29efcba775b07012c8a2280886a43d5a\"},\"headline\":\"Heritage Week Events 2025\",\"datePublished\":\"2025-08-02T15:29:18+00:00\",\"mainEntityOfPage\":{\"@id\":\"https:\\\/\\\/www.coolepark.ie\\\/ga\\\/heritage-week-events-2025\\\/\"},\"wordCount\":140,\"image\":{\"@id\":\"https:\\\/\\\/www.coolepark.ie\\\/ga\\\/heritage-week-events-2025\\\/#primaryimage\"},\"thumbnailUrl\":\"https:\\\/\\\/www.coolepark.ie\\\/wp-content\\\/uploads\\\/2025\\\/08\\\/Events-in-the-Park-14.png\",\"articleSection\":[\"Latest News &amp; Events\"],\"inLanguage\":\"ga-IE\"},{\"@type\":\"WebPage\",\"@id\":\"https:\\\/\\\/www.coolepark.ie\\\/ga\\\/heritage-week-events-2025\\\/\",\"url\":\"https:\\\/\\\/www.coolepark.ie\\\/ga\\\/heritage-week-events-2025\\\/\",\"name\":\"Heritage Week Events 2025 - Anaclann D\u00falra Ph\u00e1irc na C\u00faile\",\"isPartOf\":{\"@id\":\"https:\\\/\\\/www.coolepark.ie\\\/ga\\\/#website\"},\"primaryImageOfPage\":{\"@id\":\"https:\\\/\\\/www.coolepark.ie\\\/ga\\\/heritage-week-events-2025\\\/#primaryimage\"},\"image\":{\"@id\":\"https:\\\/\\\/www.coolepark.ie\\\/ga\\\/heritage-week-events-2025\\\/#primaryimage\"},\"thumbnailUrl\":\"https:\\\/\\\/www.coolepark.ie\\\/wp-content\\\/uploads\\\/2025\\\/08\\\/Events-in-the-Park-14.png\",\"datePublished\":\"2025-08-02T15:29:18+00:00\",\"author\":{\"@id\":\"https:\\\/\\\/www.coolepark.ie\\\/ga\\\/#\\\/schema\\\/person\\\/29efcba775b07012c8a2280886a43d5a\"},\"breadcrumb\":{\"@id\":\"https:\\\/\\\/www.coolepark.ie\\\/ga\\\/heritage-week-events-2025\\\/#breadcrumb\"},\"inLanguage\":\"ga-IE\",\"potentialAction\":[{\"@type\":\"ReadAction\",\"target\":[\"https:\\\/\\\/www.coolepark.ie\\\/ga\\\/heritage-week-events-2025\\\/\"]}]},{\"@type\":\"ImageObject\",\"inLanguage\":\"ga-IE\",\"@id\":\"https:\\\/\\\/www.coolepark.ie\\\/ga\\\/heritage-week-events-2025\\\/#primaryimage\",\"url\":\"https:\\\/\\\/www.coolepark.ie\\\/wp-content\\\/uploads\\\/2025\\\/08\\\/Events-in-the-Park-14.png\",\"contentUrl\":\"https:\\\/\\\/www.coolepark.ie\\\/wp-content\\\/uploads\\\/2025\\\/08\\\/Events-in-the-Park-14.png\",\"width\":1080,\"height\":1080},{\"@type\":\"BreadcrumbList\",\"@id\":\"https:\\\/\\\/www.coolepark.ie\\\/ga\\\/heritage-week-events-2025\\\/#breadcrumb\",\"itemListElement\":[{\"@type\":\"ListItem\",\"position\":1,\"name\":\"Home\",\"item\":\"https:\\\/\\\/www.coolepark.ie\\\/ga\\\/\"},{\"@type\":\"ListItem\",\"position\":2,\"name\":\"Heritage Week Events 2025\"}]},{\"@type\":\"WebSite\",\"@id\":\"https:\\\/\\\/www.coolepark.ie\\\/ga\\\/#website\",\"url\":\"https:\\\/\\\/www.coolepark.ie\\\/ga\\\/\",\"name\":\"Anaclann D\u00falra Ph\u00e1irc na C\u00faile\",\"description\":\"\",\"potentialAction\":[{\"@type\":\"SearchAction\",\"target\":{\"@type\":\"EntryPoint\",\"urlTemplate\":\"https:\\\/\\\/www.coolepark.ie\\\/ga\\\/?s={search_term_string}\"},\"query-input\":{\"@type\":\"PropertyValueSpecification\",\"valueRequired\":true,\"valueName\":\"search_term_string\"}}],\"inLanguage\":\"ga-IE\"},{\"@type\":\"Person\",\"@id\":\"https:\\\/\\\/www.coolepark.ie\\\/ga\\\/#\\\/schema\\\/person\\\/29efcba775b07012c8a2280886a43d5a\",\"name\":\"Niall O'Reilly\",\"image\":{\"@type\":\"ImageObject\",\"inLanguage\":\"ga-IE\",\"@id\":\"https:\\\/\\\/secure.gravatar.com\\\/avatar\\\/1274b593cc5a314822335bbac90554390a13871c54ac76a26c3be3345811ea35?s=96&d=mm&r=g\",\"url\":\"https:\\\/\\\/secure.gravatar.com\\\/avatar\\\/1274b593cc5a314822335bbac90554390a13871c54ac76a26c3be3345811ea35?s=96&d=mm&r=g\",\"contentUrl\":\"https:\\\/\\\/secure.gravatar.com\\\/avatar\\\/1274b593cc5a314822335bbac90554390a13871c54ac76a26c3be3345811ea35?s=96&d=mm&r=g\",\"caption\":\"Niall O'Reilly\"},\"sameAs\":[\"https:\\\/\\\/www.coolepark.ie\"],\"url\":\"https:\\\/\\\/www.coolepark.ie\\\/ga\\\/author\\\/oreillyn\\\/\"}]}<\/script>\n<!-- \/ Yoast SEO plugin. -->","yoast_head_json":{"title":"Heritage Week Events 2025 - Anaclann D\u00falra Ph\u00e1irc na C\u00faile","robots":{"index":"index","follow":"follow","max-snippet":"max-snippet:-1","max-image-preview":"max-image-preview:large","max-video-preview":"max-video-preview:-1"},"canonical":"https:\/\/www.coolepark.ie\/ga\/heritage-week-events-2025\/","og_locale":"ga_IE","og_type":"article","og_title":"Heritage Week Events 2025 - Anaclann D\u00falra Ph\u00e1irc na C\u00faile","og_description":"Heritage Week 2025 takes place between 16th &#8211; 24th August and we have some great free events lined up! Sunday 17th Aug: Come and join in some of the traditional children&#8217;s games that Lady Gregory&#8217;s grandchildren would have played! Meet us in the Walled Garden at 11am. Tuesday 19th Aug: An evening walk and talk&hellip; Read More Heritage Week Events 2025","og_url":"https:\/\/www.coolepark.ie\/ga\/heritage-week-events-2025\/","og_site_name":"Anaclann D\u00falra Ph\u00e1irc na C\u00faile","article_publisher":"https:\/\/www.facebook.com\/coolegarrylandnaturereserve","article_published_time":"2025-08-02T15:29:18+00:00","og_image":[{"width":1080,"height":1080,"url":"https:\/\/www.coolepark.ie\/wp-content\/uploads\/2025\/08\/Events-in-the-Park-14.png","type":"image\/png"}],"author":"Niall O'Reilly","twitter_card":"summary_large_image","twitter_creator":"@DeptHousingIRL","twitter_site":"@DeptHousingIRL","twitter_misc":{"Written by":"Niall O'Reilly","Est. reading time":"1 minute"},"schema":{"@context":"https:\/\/schema.org","@graph":[{"@type":"Article","@id":"https:\/\/www.coolepark.ie\/ga\/heritage-week-events-2025\/#article","isPartOf":{"@id":"https:\/\/www.coolepark.ie\/ga\/heritage-week-events-2025\/"},"author":{"name":"Niall O'Reilly","@id":"https:\/\/www.coolepark.ie\/ga\/#\/schema\/person\/29efcba775b07012c8a2280886a43d5a"},"headline":"Heritage Week Events 2025","datePublished":"2025-08-02T15:29:18+00:00","mainEntityOfPage":{"@id":"https:\/\/www.coolepark.ie\/ga\/heritage-week-events-2025\/"},"wordCount":140,"image":{"@id":"https:\/\/www.coolepark.ie\/ga\/heritage-week-events-2025\/#primaryimage"},"thumbnailUrl":"https:\/\/www.coolepark.ie\/wp-content\/uploads\/2025\/08\/Events-in-the-Park-14.png","articleSection":["Latest News &amp; Events"],"inLanguage":"ga-IE"},{"@type":"WebPage","@id":"https:\/\/www.coolepark.ie\/ga\/heritage-week-events-2025\/","url":"https:\/\/www.coolepark.ie\/ga\/heritage-week-events-2025\/","name":"Heritage Week Events 2025 - Anaclann D\u00falra Ph\u00e1irc na C\u00faile","isPartOf":{"@id":"https:\/\/www.coolepark.ie\/ga\/#website"},"primaryImageOfPage":{"@id":"https:\/\/www.coolepark.ie\/ga\/heritage-week-events-2025\/#primaryimage"},"image":{"@id":"https:\/\/www.coolepark.ie\/ga\/heritage-week-events-2025\/#primaryimage"},"thumbnailUrl":"https:\/\/www.coolepark.ie\/wp-content\/uploads\/2025\/08\/Events-in-the-Park-14.png","datePublished":"2025-08-02T15:29:18+00:00","author":{"@id":"https:\/\/www.coolepark.ie\/ga\/#\/schema\/person\/29efcba775b07012c8a2280886a43d5a"},"breadcrumb":{"@id":"https:\/\/www.coolepark.ie\/ga\/heritage-week-events-2025\/#breadcrumb"},"inLanguage":"ga-IE","potentialAction":[{"@type":"ReadAction","target":["https:\/\/www.coolepark.ie\/ga\/heritage-week-events-2025\/"]}]},{"@type":"ImageObject","inLanguage":"ga-IE","@id":"https:\/\/www.coolepark.ie\/ga\/heritage-week-events-2025\/#primaryimage","url":"https:\/\/www.coolepark.ie\/wp-content\/uploads\/2025\/08\/Events-in-the-Park-14.png","contentUrl":"https:\/\/www.coolepark.ie\/wp-content\/uploads\/2025\/08\/Events-in-the-Park-14.png","width":1080,"height":1080},{"@type":"BreadcrumbList","@id":"https:\/\/www.coolepark.ie\/ga\/heritage-week-events-2025\/#breadcrumb","itemListElement":[{"@type":"ListItem","position":1,"name":"Home","item":"https:\/\/www.coolepark.ie\/ga\/"},{"@type":"ListItem","position":2,"name":"Heritage Week Events 2025"}]},{"@type":"WebSite","@id":"https:\/\/www.coolepark.ie\/ga\/#website","url":"https:\/\/www.coolepark.ie\/ga\/","name":"Anaclann D\u00falra Ph\u00e1irc na C\u00faile","description":"","potentialAction":[{"@type":"SearchAction","target":{"@type":"EntryPoint","urlTemplate":"https:\/\/www.coolepark.ie\/ga\/?s={search_term_string}"},"query-input":{"@type":"PropertyValueSpecification","valueRequired":true,"valueName":"search_term_string"}}],"inLanguage":"ga-IE"},{"@type":"Person","@id":"https:\/\/www.coolepark.ie\/ga\/#\/schema\/person\/29efcba775b07012c8a2280886a43d5a","name":"Niall O'Reilly","image":{"@type":"ImageObject","inLanguage":"ga-IE","@id":"https:\/\/secure.gravatar.com\/avatar\/1274b593cc5a314822335bbac90554390a13871c54ac76a26c3be3345811ea35?s=96&d=mm&r=g","url":"https:\/\/secure.gravatar.com\/avatar\/1274b593cc5a314822335bbac90554390a13871c54ac76a26c3be3345811ea35?s=96&d=mm&r=g","contentUrl":"https:\/\/secure.gravatar.com\/avatar\/1274b593cc5a314822335bbac90554390a13871c54ac76a26c3be3345811ea35?s=96&d=mm&r=g","caption":"Niall O'Reilly"},"sameAs":["https:\/\/www.coolepark.ie"],"url":"https:\/\/www.coolepark.ie\/ga\/author\/oreillyn\/"}]}},"jetpack_featured_media_url":"https:\/\/www.coolepark.ie\/wp-content\/uploads\/2025\/08\/Events-in-the-Park-14.png","_links":{"self":[{"href":"https:\/\/www.coolepark.ie\/ga\/wp-json\/wp\/v2\/posts\/2877","targetHints":{"allow":["GET"]}}],"collection":[{"href":"https:\/\/www.coolepark.ie\/ga\/wp-json\/wp\/v2\/posts"}],"about":[{"href":"https:\/\/www.coolepark.ie\/ga\/wp-json\/wp\/v2\/types\/post"}],"author":[{"embeddable":true,"href":"https:\/\/www.coolepark.ie\/ga\/wp-json\/wp\/v2\/users\/3"}],"replies":[{"embeddable":true,"href":"https:\/\/www.coolepark.ie\/ga\/wp-json\/wp\/v2\/comments?post=2877"}],"version-history":[{"count":1,"href":"https:\/\/www.coolepark.ie\/ga\/wp-json\/wp\/v2\/posts\/2877\/revisions"}],"predecessor-version":[{"id":2884,"href":"https:\/\/www.coolepark.ie\/ga\/wp-json\/wp\/v2\/posts\/2877\/revisions\/2884"}],"wp:featuredmedia":[{"embeddable":true,"href":"https:\/\/www.coolepark.ie\/ga\/wp-json\/wp\/v2\/media\/2878"}],"wp:attachment":[{"href":"https:\/\/www.coolepark.ie\/ga\/wp-json\/wp\/v2\/media?parent=2877"}],"wp:term":[{"taxonomy":"category","embeddable":true,"href":"https:\/\/www.coolepark.ie\/ga\/wp-json\/wp\/v2\/categories?post=2877"},{"taxonomy":"post_tag","embeddable":true,"href":"https:\/\/www.coolepark.ie\/ga\/wp-json\/wp\/v2\/tags?post=2877"}],"curies":[{"name":"wp","href":"https:\/\/api.w.org\/{rel}","templated":true}]}}