{"id":488,"date":"2019-05-24T08:52:00","date_gmt":"2019-05-24T08:52:00","guid":{"rendered":"https:\/\/www.coolepark.ie\/?p=488"},"modified":"2019-05-26T12:21:05","modified_gmt":"2019-05-26T12:21:05","slug":"the-trees-of-coole","status":"publish","type":"post","link":"https:\/\/www.coolepark.ie\/ga\/the-trees-of-coole\/","title":{"rendered":"The Trees of Coole"},"content":{"rendered":"<p><strong>Celebrate European Day of Parks with a Tree Walk in Coole Park<\/strong><\/p>\n<p><strong>11.00 am Friday 24th May<\/strong><\/p>\n<p><strong>Free Event<\/strong><\/p>\n<p>Meet at Visitor Centre<\/p>\n<p><em>Walk approx. 1.5 hrs<\/em><\/p>\n<p>No dogs except guide dogs<\/p>\n","protected":false},"excerpt":{"rendered":"<p>Celebrate European Day of Parks with a Tree Walk in Coole Park 11.00 am Friday 24th May Free Event Meet at Visitor Centre Walk approx. 1.5 hrs No dogs except guide dogs<\/p>\n","protected":false},"author":3,"featured_media":551,"comment_status":"closed","ping_status":"closed","sticky":false,"template":"","format":"standard","meta":{"footnotes":""},"categories":[9,8,1],"tags":[],"class_list":["post-488","post","type-post","status-publish","format-standard","has-post-thumbnail","hentry","category-category-nature-wildlife","category-category-photos","category-uncategorized"],"yoast_head":"<!-- This site is optimized with the Yoast SEO plugin v27.5 - https:\/\/yoast.com\/product\/yoast-seo-wordpress\/ -->\n<title>The Trees of Coole - Anaclann D\u00falra Ph\u00e1irc na C\u00faile<\/title>\n<meta name=\"robots\" content=\"index, follow, max-snippet:-1, max-image-preview:large, max-video-preview:-1\" \/>\n<link rel=\"canonical\" href=\"https:\/\/www.coolepark.ie\/ga\/the-trees-of-coole\/\" \/>\n<meta property=\"og:locale\" content=\"ga_IE\" \/>\n<meta property=\"og:type\" content=\"article\" \/>\n<meta property=\"og:title\" content=\"The Trees of Coole - Anaclann D\u00falra Ph\u00e1irc na C\u00faile\" \/>\n<meta property=\"og:description\" content=\"Celebrate European Day of Parks with a Tree Walk in Coole Park 11.00 am Friday 24th May Free Event Meet at Visitor Centre Walk approx. 1.5 hrs No dogs except guide dogs\" \/>\n<meta property=\"og:url\" content=\"https:\/\/www.coolepark.ie\/ga\/the-trees-of-coole\/\" \/>\n<meta property=\"og:site_name\" content=\"Anaclann D\u00falra Ph\u00e1irc na C\u00faile\" \/>\n<meta property=\"article:publisher\" content=\"https:\/\/www.facebook.com\/coolegarrylandnaturereserve\" \/>\n<meta property=\"article:published_time\" content=\"2019-05-24T08:52:00+00:00\" \/>\n<meta property=\"article:modified_time\" content=\"2019-05-26T12:21:05+00:00\" \/>\n<meta property=\"og:image\" content=\"https:\/\/www.coolepark.ie\/wp-content\/uploads\/2019\/05\/European-Day-of-Parks.jpg\" \/>\n\t<meta property=\"og:image:width\" content=\"720\" \/>\n\t<meta property=\"og:image:height\" content=\"960\" \/>\n\t<meta property=\"og:image:type\" content=\"image\/jpeg\" \/>\n<meta name=\"author\" content=\"Niall O&#039;Reilly\" \/>\n<meta name=\"twitter:card\" content=\"summary_large_image\" \/>\n<meta name=\"twitter:creator\" content=\"@DeptHousingIRL\" \/>\n<meta name=\"twitter:site\" content=\"@DeptHousingIRL\" \/>\n<meta name=\"twitter:label1\" content=\"Written by\" \/>\n\t<meta name=\"twitter:data1\" content=\"Niall O&#039;Reilly\" \/>\n<script type=\"application\/ld+json\" class=\"yoast-schema-graph\">{\"@context\":\"https:\\\/\\\/schema.org\",\"@graph\":[{\"@type\":\"Article\",\"@id\":\"https:\\\/\\\/www.coolepark.ie\\\/ga\\\/the-trees-of-coole\\\/#article\",\"isPartOf\":{\"@id\":\"https:\\\/\\\/www.coolepark.ie\\\/ga\\\/the-trees-of-coole\\\/\"},\"author\":{\"name\":\"Niall O'Reilly\",\"@id\":\"https:\\\/\\\/www.coolepark.ie\\\/ga\\\/#\\\/schema\\\/person\\\/29efcba775b07012c8a2280886a43d5a\"},\"headline\":\"The Trees of Coole\",\"datePublished\":\"2019-05-24T08:52:00+00:00\",\"dateModified\":\"2019-05-26T12:21:05+00:00\",\"mainEntityOfPage\":{\"@id\":\"https:\\\/\\\/www.coolepark.ie\\\/ga\\\/the-trees-of-coole\\\/\"},\"wordCount\":34,\"image\":{\"@id\":\"https:\\\/\\\/www.coolepark.ie\\\/ga\\\/the-trees-of-coole\\\/#primaryimage\"},\"thumbnailUrl\":\"https:\\\/\\\/www.coolepark.ie\\\/wp-content\\\/uploads\\\/2019\\\/05\\\/European-Day-of-Parks.jpg\",\"articleSection\":[\"Nature &amp; Wildlife\",\"Photos\"],\"inLanguage\":\"ga-IE\"},{\"@type\":\"WebPage\",\"@id\":\"https:\\\/\\\/www.coolepark.ie\\\/ga\\\/the-trees-of-coole\\\/\",\"url\":\"https:\\\/\\\/www.coolepark.ie\\\/ga\\\/the-trees-of-coole\\\/\",\"name\":\"The Trees of Coole - Anaclann D\u00falra Ph\u00e1irc na C\u00faile\",\"isPartOf\":{\"@id\":\"https:\\\/\\\/www.coolepark.ie\\\/ga\\\/#website\"},\"primaryImageOfPage\":{\"@id\":\"https:\\\/\\\/www.coolepark.ie\\\/ga\\\/the-trees-of-coole\\\/#primaryimage\"},\"image\":{\"@id\":\"https:\\\/\\\/www.coolepark.ie\\\/ga\\\/the-trees-of-coole\\\/#primaryimage\"},\"thumbnailUrl\":\"https:\\\/\\\/www.coolepark.ie\\\/wp-content\\\/uploads\\\/2019\\\/05\\\/European-Day-of-Parks.jpg\",\"datePublished\":\"2019-05-24T08:52:00+00:00\",\"dateModified\":\"2019-05-26T12:21:05+00:00\",\"author\":{\"@id\":\"https:\\\/\\\/www.coolepark.ie\\\/ga\\\/#\\\/schema\\\/person\\\/29efcba775b07012c8a2280886a43d5a\"},\"breadcrumb\":{\"@id\":\"https:\\\/\\\/www.coolepark.ie\\\/ga\\\/the-trees-of-coole\\\/#breadcrumb\"},\"inLanguage\":\"ga-IE\",\"potentialAction\":[{\"@type\":\"ReadAction\",\"target\":[\"https:\\\/\\\/www.coolepark.ie\\\/ga\\\/the-trees-of-coole\\\/\"]}]},{\"@type\":\"ImageObject\",\"inLanguage\":\"ga-IE\",\"@id\":\"https:\\\/\\\/www.coolepark.ie\\\/ga\\\/the-trees-of-coole\\\/#primaryimage\",\"url\":\"https:\\\/\\\/www.coolepark.ie\\\/wp-content\\\/uploads\\\/2019\\\/05\\\/European-Day-of-Parks.jpg\",\"contentUrl\":\"https:\\\/\\\/www.coolepark.ie\\\/wp-content\\\/uploads\\\/2019\\\/05\\\/European-Day-of-Parks.jpg\",\"width\":720,\"height\":960,\"caption\":\"Tree Discovery Walk 2019\"},{\"@type\":\"BreadcrumbList\",\"@id\":\"https:\\\/\\\/www.coolepark.ie\\\/ga\\\/the-trees-of-coole\\\/#breadcrumb\",\"itemListElement\":[{\"@type\":\"ListItem\",\"position\":1,\"name\":\"Home\",\"item\":\"https:\\\/\\\/www.coolepark.ie\\\/ga\\\/\"},{\"@type\":\"ListItem\",\"position\":2,\"name\":\"The Trees of Coole\"}]},{\"@type\":\"WebSite\",\"@id\":\"https:\\\/\\\/www.coolepark.ie\\\/ga\\\/#website\",\"url\":\"https:\\\/\\\/www.coolepark.ie\\\/ga\\\/\",\"name\":\"Anaclann D\u00falra Ph\u00e1irc na C\u00faile\",\"description\":\"\",\"potentialAction\":[{\"@type\":\"SearchAction\",\"target\":{\"@type\":\"EntryPoint\",\"urlTemplate\":\"https:\\\/\\\/www.coolepark.ie\\\/ga\\\/?s={search_term_string}\"},\"query-input\":{\"@type\":\"PropertyValueSpecification\",\"valueRequired\":true,\"valueName\":\"search_term_string\"}}],\"inLanguage\":\"ga-IE\"},{\"@type\":\"Person\",\"@id\":\"https:\\\/\\\/www.coolepark.ie\\\/ga\\\/#\\\/schema\\\/person\\\/29efcba775b07012c8a2280886a43d5a\",\"name\":\"Niall O'Reilly\",\"image\":{\"@type\":\"ImageObject\",\"inLanguage\":\"ga-IE\",\"@id\":\"https:\\\/\\\/secure.gravatar.com\\\/avatar\\\/1274b593cc5a314822335bbac90554390a13871c54ac76a26c3be3345811ea35?s=96&d=mm&r=g\",\"url\":\"https:\\\/\\\/secure.gravatar.com\\\/avatar\\\/1274b593cc5a314822335bbac90554390a13871c54ac76a26c3be3345811ea35?s=96&d=mm&r=g\",\"contentUrl\":\"https:\\\/\\\/secure.gravatar.com\\\/avatar\\\/1274b593cc5a314822335bbac90554390a13871c54ac76a26c3be3345811ea35?s=96&d=mm&r=g\",\"caption\":\"Niall O'Reilly\"},\"sameAs\":[\"https:\\\/\\\/www.coolepark.ie\"],\"url\":\"https:\\\/\\\/www.coolepark.ie\\\/ga\\\/author\\\/oreillyn\\\/\"}]}<\/script>\n<!-- \/ Yoast SEO plugin. -->","yoast_head_json":{"title":"The Trees of Coole - Anaclann D\u00falra Ph\u00e1irc na C\u00faile","robots":{"index":"index","follow":"follow","max-snippet":"max-snippet:-1","max-image-preview":"max-image-preview:large","max-video-preview":"max-video-preview:-1"},"canonical":"https:\/\/www.coolepark.ie\/ga\/the-trees-of-coole\/","og_locale":"ga_IE","og_type":"article","og_title":"The Trees of Coole - Anaclann D\u00falra Ph\u00e1irc na C\u00faile","og_description":"Celebrate European Day of Parks with a Tree Walk in Coole Park 11.00 am Friday 24th May Free Event Meet at Visitor Centre Walk approx. 1.5 hrs No dogs except guide dogs","og_url":"https:\/\/www.coolepark.ie\/ga\/the-trees-of-coole\/","og_site_name":"Anaclann D\u00falra Ph\u00e1irc na C\u00faile","article_publisher":"https:\/\/www.facebook.com\/coolegarrylandnaturereserve","article_published_time":"2019-05-24T08:52:00+00:00","article_modified_time":"2019-05-26T12:21:05+00:00","og_image":[{"width":720,"height":960,"url":"https:\/\/www.coolepark.ie\/wp-content\/uploads\/2019\/05\/European-Day-of-Parks.jpg","type":"image\/jpeg"}],"author":"Niall O'Reilly","twitter_card":"summary_large_image","twitter_creator":"@DeptHousingIRL","twitter_site":"@DeptHousingIRL","twitter_misc":{"Written by":"Niall O'Reilly"},"schema":{"@context":"https:\/\/schema.org","@graph":[{"@type":"Article","@id":"https:\/\/www.coolepark.ie\/ga\/the-trees-of-coole\/#article","isPartOf":{"@id":"https:\/\/www.coolepark.ie\/ga\/the-trees-of-coole\/"},"author":{"name":"Niall O'Reilly","@id":"https:\/\/www.coolepark.ie\/ga\/#\/schema\/person\/29efcba775b07012c8a2280886a43d5a"},"headline":"The Trees of Coole","datePublished":"2019-05-24T08:52:00+00:00","dateModified":"2019-05-26T12:21:05+00:00","mainEntityOfPage":{"@id":"https:\/\/www.coolepark.ie\/ga\/the-trees-of-coole\/"},"wordCount":34,"image":{"@id":"https:\/\/www.coolepark.ie\/ga\/the-trees-of-coole\/#primaryimage"},"thumbnailUrl":"https:\/\/www.coolepark.ie\/wp-content\/uploads\/2019\/05\/European-Day-of-Parks.jpg","articleSection":["Nature &amp; Wildlife","Photos"],"inLanguage":"ga-IE"},{"@type":"WebPage","@id":"https:\/\/www.coolepark.ie\/ga\/the-trees-of-coole\/","url":"https:\/\/www.coolepark.ie\/ga\/the-trees-of-coole\/","name":"The Trees of Coole - Anaclann D\u00falra Ph\u00e1irc na C\u00faile","isPartOf":{"@id":"https:\/\/www.coolepark.ie\/ga\/#website"},"primaryImageOfPage":{"@id":"https:\/\/www.coolepark.ie\/ga\/the-trees-of-coole\/#primaryimage"},"image":{"@id":"https:\/\/www.coolepark.ie\/ga\/the-trees-of-coole\/#primaryimage"},"thumbnailUrl":"https:\/\/www.coolepark.ie\/wp-content\/uploads\/2019\/05\/European-Day-of-Parks.jpg","datePublished":"2019-05-24T08:52:00+00:00","dateModified":"2019-05-26T12:21:05+00:00","author":{"@id":"https:\/\/www.coolepark.ie\/ga\/#\/schema\/person\/29efcba775b07012c8a2280886a43d5a"},"breadcrumb":{"@id":"https:\/\/www.coolepark.ie\/ga\/the-trees-of-coole\/#breadcrumb"},"inLanguage":"ga-IE","potentialAction":[{"@type":"ReadAction","target":["https:\/\/www.coolepark.ie\/ga\/the-trees-of-coole\/"]}]},{"@type":"ImageObject","inLanguage":"ga-IE","@id":"https:\/\/www.coolepark.ie\/ga\/the-trees-of-coole\/#primaryimage","url":"https:\/\/www.coolepark.ie\/wp-content\/uploads\/2019\/05\/European-Day-of-Parks.jpg","contentUrl":"https:\/\/www.coolepark.ie\/wp-content\/uploads\/2019\/05\/European-Day-of-Parks.jpg","width":720,"height":960,"caption":"Tree Discovery Walk 2019"},{"@type":"BreadcrumbList","@id":"https:\/\/www.coolepark.ie\/ga\/the-trees-of-coole\/#breadcrumb","itemListElement":[{"@type":"ListItem","position":1,"name":"Home","item":"https:\/\/www.coolepark.ie\/ga\/"},{"@type":"ListItem","position":2,"name":"The Trees of Coole"}]},{"@type":"WebSite","@id":"https:\/\/www.coolepark.ie\/ga\/#website","url":"https:\/\/www.coolepark.ie\/ga\/","name":"Anaclann D\u00falra Ph\u00e1irc na C\u00faile","description":"","potentialAction":[{"@type":"SearchAction","target":{"@type":"EntryPoint","urlTemplate":"https:\/\/www.coolepark.ie\/ga\/?s={search_term_string}"},"query-input":{"@type":"PropertyValueSpecification","valueRequired":true,"valueName":"search_term_string"}}],"inLanguage":"ga-IE"},{"@type":"Person","@id":"https:\/\/www.coolepark.ie\/ga\/#\/schema\/person\/29efcba775b07012c8a2280886a43d5a","name":"Niall O'Reilly","image":{"@type":"ImageObject","inLanguage":"ga-IE","@id":"https:\/\/secure.gravatar.com\/avatar\/1274b593cc5a314822335bbac90554390a13871c54ac76a26c3be3345811ea35?s=96&d=mm&r=g","url":"https:\/\/secure.gravatar.com\/avatar\/1274b593cc5a314822335bbac90554390a13871c54ac76a26c3be3345811ea35?s=96&d=mm&r=g","contentUrl":"https:\/\/secure.gravatar.com\/avatar\/1274b593cc5a314822335bbac90554390a13871c54ac76a26c3be3345811ea35?s=96&d=mm&r=g","caption":"Niall O'Reilly"},"sameAs":["https:\/\/www.coolepark.ie"],"url":"https:\/\/www.coolepark.ie\/ga\/author\/oreillyn\/"}]}},"jetpack_featured_media_url":"https:\/\/www.coolepark.ie\/wp-content\/uploads\/2019\/05\/European-Day-of-Parks.jpg","_links":{"self":[{"href":"https:\/\/www.coolepark.ie\/ga\/wp-json\/wp\/v2\/posts\/488","targetHints":{"allow":["GET"]}}],"collection":[{"href":"https:\/\/www.coolepark.ie\/ga\/wp-json\/wp\/v2\/posts"}],"about":[{"href":"https:\/\/www.coolepark.ie\/ga\/wp-json\/wp\/v2\/types\/post"}],"author":[{"embeddable":true,"href":"https:\/\/www.coolepark.ie\/ga\/wp-json\/wp\/v2\/users\/3"}],"replies":[{"embeddable":true,"href":"https:\/\/www.coolepark.ie\/ga\/wp-json\/wp\/v2\/comments?post=488"}],"version-history":[{"count":2,"href":"https:\/\/www.coolepark.ie\/ga\/wp-json\/wp\/v2\/posts\/488\/revisions"}],"predecessor-version":[{"id":490,"href":"https:\/\/www.coolepark.ie\/ga\/wp-json\/wp\/v2\/posts\/488\/revisions\/490"}],"wp:featuredmedia":[{"embeddable":true,"href":"https:\/\/www.coolepark.ie\/ga\/wp-json\/wp\/v2\/media\/551"}],"wp:attachment":[{"href":"https:\/\/www.coolepark.ie\/ga\/wp-json\/wp\/v2\/media?parent=488"}],"wp:term":[{"taxonomy":"category","embeddable":true,"href":"https:\/\/www.coolepark.ie\/ga\/wp-json\/wp\/v2\/categories?post=488"},{"taxonomy":"post_tag","embeddable":true,"href":"https:\/\/www.coolepark.ie\/ga\/wp-json\/wp\/v2\/tags?post=488"}],"curies":[{"name":"wp","href":"https:\/\/api.w.org\/{rel}","templated":true}]}}